{"id":4800,"date":"2026-03-12T16:29:23","date_gmt":"2026-03-12T19:29:23","guid":{"rendered":"http:\/\/cotrimadvogados-adv-br.umbler.net\/?p=4800"},"modified":"2026-03-12T16:30:15","modified_gmt":"2026-03-12T19:30:15","slug":"venda-com-seguranca-juridica-na-black-friday","status":"publish","type":"post","link":"http:\/\/cotrimadvogados.adv.br\/?p=4800","title":{"rendered":"Venda com seguran\u00e7a jur\u00eddica na Black Friday"},"content":{"rendered":"\n<p>Muitos esperam um aumento significativo nas vendas durante a Black Friday, tanto em lojas f\u00edsicas, quanto em Market Place. Mas \u00e9 necess\u00e1rio tomar cuidado em alguns aspectos para que sua venda n\u00e3o vire um problema no futuro.<\/p>\n\n\n\n<p>Separamos os campe\u00f5es de d\u00favidas durante a Black Friday. Confira.<\/p>\n\n\n\n<ul class=\"wp-block-list\"><li>Desist\u00eancia de uma compra online: o cliente pode se arrepender da compra e desistir do produto no prazo de sete dias a contar da assinatura do contrato ou recebimento do produto\/servi\u00e7o, sempre que este for adquirido fora da loja f\u00edsica, como compras via Internet, telefone ou cat\u00e1logo. Essa atividade est\u00e1 prevista no artigo 49 do C\u00f3digo de Defesa do Consumidor.<\/li><li>Os pre\u00e7os ofertados devem ser cumpridos, como apontam os artigos 30 e 36 do C\u00f3digo de Defesa do Consumidor. Em caso de infra\u00e7\u00e3o, o com\u00e9rcio pode sofrer san\u00e7\u00f5es, como apreens\u00e3o de produtos, multa, entre outras, conforme aponta o artigo 56.<\/li><li>Cuidado para n\u00e3o cometer pr\u00e1ticas abusivas. Venda casada e exigir vantagens s\u00e3o atividades que infringem o artigo 39 do C\u00f3digo de Defesa do Consumidor. Vender dois produtos obrigatoriamente juntos caracteriza vantagem desfavor\u00e1vel e viola a liberdade de escolha do cliente.<\/li><li>Ofere\u00e7a informa\u00e7\u00f5es completas e claras sobre o que ele est\u00e1 adquirindo. S\u00e3o direitos do consumidor a informa\u00e7\u00e3o dos diferentes produtos e servi\u00e7os, com especifica\u00e7\u00e3o correta de quantidade, caracter\u00edsticas, composi\u00e7\u00e3o, qualidade, tributos incidentes e pre\u00e7o, bem como sobre os riscos que apresentem dentre outros no fornecimento de produtos e servi\u00e7os, conforme aponta o Art. 6\u00ba do C\u00f3digo de Defesa do Consumidor.<\/li><\/ul>\n","protected":false},"excerpt":{"rendered":"<p>Muitos esperam um aumento significativo nas vendas durante a Black Friday, tanto em lojas f\u00edsicas, quanto em Market Place. Mas \u00e9 necess\u00e1rio tomar cuidado em alguns aspectos para que sua venda n\u00e3o vire um problema no futuro. Separamos os campe\u00f5es de d\u00favidas durante a Black Friday. Confira. Desist\u00eancia de uma compra online: o cliente pode [&hellip;]<\/p>\n","protected":false},"author":1,"featured_media":4801,"comment_status":"closed","ping_status":"closed","sticky":false,"template":"","format":"standard","meta":{"site-sidebar-layout":"default","site-content-layout":"default","ast-site-content-layout":"default","site-content-style":"default","site-sidebar-style":"default","ast-global-header-display":"","ast-banner-title-visibility":"","ast-main-header-display":"","ast-hfb-above-header-display":"","ast-hfb-below-header-display":"","ast-hfb-mobile-header-display":"","site-post-title":"","ast-breadcrumbs-content":"","ast-featured-img":"","footer-sml-layout":"","ast-disable-related-posts":"","theme-transparent-header-meta":"default","adv-header-id-meta":"","stick-header-meta":"","header-above-stick-meta":"","header-main-stick-meta":"","header-below-stick-meta":"","astra-migrate-meta-layouts":"default","ast-page-background-enabled":"default","ast-page-background-meta":{"desktop":{"background-color":"","background-image":"","background-repeat":"repeat","background-position":"center center","background-size":"auto","background-attachment":"scroll","background-type":"","background-media":"","overlay-type":"","overlay-color":"","overlay-opacity":"","overlay-gradient":""},"tablet":{"background-color":"","background-image":"","background-repeat":"repeat","background-position":"center center","background-size":"auto","background-attachment":"scroll","background-type":"","background-media":"","overlay-type":"","overlay-color":"","overlay-opacity":"","overlay-gradient":""},"mobile":{"background-color":"","background-image":"","background-repeat":"repeat","background-position":"center center","background-size":"auto","background-attachment":"scroll","background-type":"","background-media":"","overlay-type":"","overlay-color":"","overlay-opacity":"","overlay-gradient":""}},"ast-content-background-meta":{"desktop":{"background-color":"var(--ast-global-color-5)","background-image":"","background-repeat":"repeat","background-position":"center center","background-size":"auto","background-attachment":"scroll","background-type":"","background-media":"","overlay-type":"","overlay-color":"","overlay-opacity":"","overlay-gradient":""},"tablet":{"background-color":"var(--ast-global-color-5)","background-image":"","background-repeat":"repeat","background-position":"center center","background-size":"auto","background-attachment":"scroll","background-type":"","background-media":"","overlay-type":"","overlay-color":"","overlay-opacity":"","overlay-gradient":""},"mobile":{"background-color":"var(--ast-global-color-5)","background-image":"","background-repeat":"repeat","background-position":"center center","background-size":"auto","background-attachment":"scroll","background-type":"","background-media":"","overlay-type":"","overlay-color":"","overlay-opacity":"","overlay-gradient":""}},"footnotes":""},"categories":[13],"tags":[],"class_list":["post-4800","post","type-post","status-publish","format-standard","has-post-thumbnail","hentry","category-direito-empresarial"],"_links":{"self":[{"href":"http:\/\/cotrimadvogados.adv.br\/index.php?rest_route=\/wp\/v2\/posts\/4800","targetHints":{"allow":["GET"]}}],"collection":[{"href":"http:\/\/cotrimadvogados.adv.br\/index.php?rest_route=\/wp\/v2\/posts"}],"about":[{"href":"http:\/\/cotrimadvogados.adv.br\/index.php?rest_route=\/wp\/v2\/types\/post"}],"author":[{"embeddable":true,"href":"http:\/\/cotrimadvogados.adv.br\/index.php?rest_route=\/wp\/v2\/users\/1"}],"replies":[{"embeddable":true,"href":"http:\/\/cotrimadvogados.adv.br\/index.php?rest_route=%2Fwp%2Fv2%2Fcomments&post=4800"}],"version-history":[{"count":0,"href":"http:\/\/cotrimadvogados.adv.br\/index.php?rest_route=\/wp\/v2\/posts\/4800\/revisions"}],"wp:featuredmedia":[{"embeddable":true,"href":"http:\/\/cotrimadvogados.adv.br\/index.php?rest_route=\/wp\/v2\/media\/4801"}],"wp:attachment":[{"href":"http:\/\/cotrimadvogados.adv.br\/index.php?rest_route=%2Fwp%2Fv2%2Fmedia&parent=4800"}],"wp:term":[{"taxonomy":"category","embeddable":true,"href":"http:\/\/cotrimadvogados.adv.br\/index.php?rest_route=%2Fwp%2Fv2%2Fcategories&post=4800"},{"taxonomy":"post_tag","embeddable":true,"href":"http:\/\/cotrimadvogados.adv.br\/index.php?rest_route=%2Fwp%2Fv2%2Ftags&post=4800"}],"curies":[{"name":"wp","href":"https:\/\/api.w.org\/{rel}","templated":true}]}}