{"id":4805,"date":"2026-03-12T17:14:39","date_gmt":"2026-03-12T20:14:39","guid":{"rendered":"http:\/\/cotrimadvogados-adv-br.umbler.net\/?p=4805"},"modified":"2026-03-12T17:14:39","modified_gmt":"2026-03-12T20:14:39","slug":"conheca-dois-casos-em-que-a-venda-de-smartphone-sem-o-carregador-foi-considerada-venda-casada","status":"publish","type":"post","link":"http:\/\/cotrimadvogados.adv.br\/?p=4805","title":{"rendered":"Conhe\u00e7a dois casos em que a venda de smartphone sem o carregador foi considerada venda casada"},"content":{"rendered":"\n<p>Com o crescimento de empresas vendendo aparelhos celulares sem os carregadores, surge a d\u00favida se essa pr\u00e1tica n\u00e3o configuraria venda casada, uma vez que o equipamento \u00e9 fundamental para o pleno funcionamento do smartphone.<\/p>\n\n\n\n<p>Algumas cidades, como S\u00e3o Paulo (SP) e Nazar\u00e9 (BA) j\u00e1 est\u00e3o se movimentando para analisar essa pr\u00e1tica. O Procon-SP est\u00e1 notificando os fabricantes e orientando os consumidores que se sentirem lesados a procurar o Juizado Especial C\u00edvel (de pequenas causas).<\/p>\n\n\n\n<p>J\u00e1 em Nazar\u00e9, o Juizado Especial C\u00edvel condenou solidariamente uma das fabricantes e uma grande rede varejista a entregarem para um consumidor o carregador compat\u00edvel com o aparelho adquirido, mais o pagamento de R$ 3 mil a t\u00edtulo de danos morais.<\/p>\n\n\n\n<p>A decis\u00e3o levou em considera\u00e7\u00e3o que, mesmo sendo not\u00f3rio o fato de que a fabricante em quest\u00e3o n\u00e3o oferecia o carregador junto a alguns aparelhos da marca, o consumidor n\u00e3o conseguiria utilizar o smartphone de forma plena, uma vez que o carregador \u00e9 um item essencial e indispens\u00e1vel. Sendo assim, ele teria que comprar o equipamento separadamente. Tamb\u00e9m foi levado em conta que a falta do carregador n\u00e3o diminuiu o custo final do produto.<\/p>\n\n\n\n<p>A venda casada ocorre quando se compra produtos ou contrata um servi\u00e7o com a condi\u00e7\u00e3o de adquirir outro n\u00e3o necessariamente desejado. Esta pr\u00e1tica \u00e9 considerada um crime contra as rela\u00e7\u00f5es de consumo e expressamente proibida pelo art. 39 inciso II do CDC.<\/p>\n","protected":false},"excerpt":{"rendered":"<p>Com o crescimento de empresas vendendo aparelhos celulares sem os carregadores, surge a d\u00favida se essa pr\u00e1tica n\u00e3o configuraria venda casada, uma vez que o equipamento \u00e9 fundamental para o pleno funcionamento do smartphone. Algumas cidades, como S\u00e3o Paulo (SP) e Nazar\u00e9 (BA) j\u00e1 est\u00e3o se movimentando para analisar essa pr\u00e1tica. O Procon-SP est\u00e1 notificando [&hellip;]<\/p>\n","protected":false},"author":1,"featured_media":4806,"comment_status":"closed","ping_status":"open","sticky":false,"template":"","format":"standard","meta":{"site-sidebar-layout":"default","site-content-layout":"default","ast-site-content-layout":"default","site-content-style":"default","site-sidebar-style":"default","ast-global-header-display":"","ast-banner-title-visibility":"","ast-main-header-display":"","ast-hfb-above-header-display":"","ast-hfb-below-header-display":"","ast-hfb-mobile-header-display":"","site-post-title":"","ast-breadcrumbs-content":"","ast-featured-img":"","footer-sml-layout":"","ast-disable-related-posts":"","theme-transparent-header-meta":"default","adv-header-id-meta":"","stick-header-meta":"","header-above-stick-meta":"","header-main-stick-meta":"","header-below-stick-meta":"","astra-migrate-meta-layouts":"default","ast-page-background-enabled":"default","ast-page-background-meta":{"desktop":{"background-color":"","background-image":"","background-repeat":"repeat","background-position":"center center","background-size":"auto","background-attachment":"scroll","background-type":"","background-media":"","overlay-type":"","overlay-color":"","overlay-opacity":"","overlay-gradient":""},"tablet":{"background-color":"","background-image":"","background-repeat":"repeat","background-position":"center center","background-size":"auto","background-attachment":"scroll","background-type":"","background-media":"","overlay-type":"","overlay-color":"","overlay-opacity":"","overlay-gradient":""},"mobile":{"background-color":"","background-image":"","background-repeat":"repeat","background-position":"center center","background-size":"auto","background-attachment":"scroll","background-type":"","background-media":"","overlay-type":"","overlay-color":"","overlay-opacity":"","overlay-gradient":""}},"ast-content-background-meta":{"desktop":{"background-color":"var(--ast-global-color-5)","background-image":"","background-repeat":"repeat","background-position":"center center","background-size":"auto","background-attachment":"scroll","background-type":"","background-media":"","overlay-type":"","overlay-color":"","overlay-opacity":"","overlay-gradient":""},"tablet":{"background-color":"var(--ast-global-color-5)","background-image":"","background-repeat":"repeat","background-position":"center center","background-size":"auto","background-attachment":"scroll","background-type":"","background-media":"","overlay-type":"","overlay-color":"","overlay-opacity":"","overlay-gradient":""},"mobile":{"background-color":"var(--ast-global-color-5)","background-image":"","background-repeat":"repeat","background-position":"center center","background-size":"auto","background-attachment":"scroll","background-type":"","background-media":"","overlay-type":"","overlay-color":"","overlay-opacity":"","overlay-gradient":""}},"footnotes":""},"categories":[15,13],"tags":[],"class_list":["post-4805","post","type-post","status-publish","format-standard","has-post-thumbnail","hentry","category-direito-do-consumidor","category-direito-empresarial"],"_links":{"self":[{"href":"http:\/\/cotrimadvogados.adv.br\/index.php?rest_route=\/wp\/v2\/posts\/4805","targetHints":{"allow":["GET"]}}],"collection":[{"href":"http:\/\/cotrimadvogados.adv.br\/index.php?rest_route=\/wp\/v2\/posts"}],"about":[{"href":"http:\/\/cotrimadvogados.adv.br\/index.php?rest_route=\/wp\/v2\/types\/post"}],"author":[{"embeddable":true,"href":"http:\/\/cotrimadvogados.adv.br\/index.php?rest_route=\/wp\/v2\/users\/1"}],"replies":[{"embeddable":true,"href":"http:\/\/cotrimadvogados.adv.br\/index.php?rest_route=%2Fwp%2Fv2%2Fcomments&post=4805"}],"version-history":[{"count":0,"href":"http:\/\/cotrimadvogados.adv.br\/index.php?rest_route=\/wp\/v2\/posts\/4805\/revisions"}],"wp:featuredmedia":[{"embeddable":true,"href":"http:\/\/cotrimadvogados.adv.br\/index.php?rest_route=\/wp\/v2\/media\/4806"}],"wp:attachment":[{"href":"http:\/\/cotrimadvogados.adv.br\/index.php?rest_route=%2Fwp%2Fv2%2Fmedia&parent=4805"}],"wp:term":[{"taxonomy":"category","embeddable":true,"href":"http:\/\/cotrimadvogados.adv.br\/index.php?rest_route=%2Fwp%2Fv2%2Fcategories&post=4805"},{"taxonomy":"post_tag","embeddable":true,"href":"http:\/\/cotrimadvogados.adv.br\/index.php?rest_route=%2Fwp%2Fv2%2Ftags&post=4805"}],"curies":[{"name":"wp","href":"https:\/\/api.w.org\/{rel}","templated":true}]}}