{"id":4819,"date":"2026-03-12T17:14:38","date_gmt":"2026-03-12T20:14:38","guid":{"rendered":"http:\/\/cotrimadvogados-adv-br.umbler.net\/?p=4819"},"modified":"2026-03-12T17:14:38","modified_gmt":"2026-03-12T20:14:38","slug":"condominio-pode-restringir-locacao-por-temporada-tipo-aibnb","status":"publish","type":"post","link":"http:\/\/cotrimadvogados.adv.br\/?p=4819","title":{"rendered":"Condom\u00ednio pode restringir loca\u00e7\u00e3o por temporada tipo aibnb?"},"content":{"rendered":"\n<p>As plataformas digitais de aluguel por temporada, como o Airbnb, podem come\u00e7ar a encontrar dificuldades em achar parceiros para as loca\u00e7\u00f5es. Isso porque a 3\u00aa Turma do STJ definiu que os condom\u00ednios podem, por meio de conven\u00e7\u00e3o, barrar a loca\u00e7\u00e3o tempor\u00e1ria de im\u00f3veis.<\/p>\n\n\n\n<p>A defini\u00e7\u00e3o n\u00e3o pro\u00edbe a atua\u00e7\u00e3o dessas plataformas, mas permite que os condom\u00ednios definam se esse tipo de servi\u00e7o pode ser oferecido. As quest\u00f5es levantadas na decis\u00e3o do STJ foram relacionadas \u00e0 finalidade dos im\u00f3veis e \u00e0 seguran\u00e7a dos demais moradores, com a movimenta\u00e7\u00e3o de gente nos espa\u00e7os de conviv\u00eancia sem um contrato formal de loca\u00e7\u00e3o.<\/p>\n\n\n\n<p>A decis\u00e3o un\u00e2nime da 3\u00aa Turma do Superior Tribunal de Justi\u00e7a aconteceu em julgamento finalizado no dia 23 de novembro. Por\u00e9m, o resultado n\u00e3o \u00e9 in\u00e9dito. Em abril, a 4\u00aa Turma decidiu negar o recurso especial ajuizado por tr\u00eas propriet\u00e1rios de apartamentos, que ofereciam esse tipo de servi\u00e7o por meio de plataformas online.<\/p>\n\n\n\n<p>O caso julgado em novembro \u00e9 referente a um condom\u00ednio de Londrina (PR), onde um dos cond\u00f4minos entrou com uma a\u00e7\u00e3o para anular uma decis\u00e3o deliberada em assembleia. Na ocasi\u00e3o foi inclu\u00eddo um item em sua conven\u00e7\u00e3o para proibir o aluguel por temporada de suas respectivas unidades por qualquer per\u00edodo inferior a 90 dias.<\/p>\n\n\n\n<p>Vale lembrar que \u00e9 legal a loca\u00e7\u00e3o online de im\u00f3vel por temporada, incluindo os servi\u00e7os online. Por\u00e9m, os entendimentos recentes do STJ tamb\u00e9m podem criar precedentes para embasar futuras decis\u00f5es em processos semelhantes com posi\u00e7\u00f5es divergentes que tramitam nas inst\u00e2ncias inferiores da Justi\u00e7a.<\/p>\n","protected":false},"excerpt":{"rendered":"<p>As plataformas digitais de aluguel por temporada, como o Airbnb, podem come\u00e7ar a encontrar dificuldades em achar parceiros para as loca\u00e7\u00f5es. Isso porque a 3\u00aa Turma do STJ definiu que os condom\u00ednios podem, por meio de conven\u00e7\u00e3o, barrar a loca\u00e7\u00e3o tempor\u00e1ria de im\u00f3veis. A defini\u00e7\u00e3o n\u00e3o pro\u00edbe a atua\u00e7\u00e3o dessas plataformas, mas permite que os [&hellip;]<\/p>\n","protected":false},"author":1,"featured_media":4820,"comment_status":"closed","ping_status":"open","sticky":false,"template":"","format":"standard","meta":{"site-sidebar-layout":"default","site-content-layout":"default","ast-site-content-layout":"default","site-content-style":"default","site-sidebar-style":"default","ast-global-header-display":"","ast-banner-title-visibility":"","ast-main-header-display":"","ast-hfb-above-header-display":"","ast-hfb-below-header-display":"","ast-hfb-mobile-header-display":"","site-post-title":"","ast-breadcrumbs-content":"","ast-featured-img":"","footer-sml-layout":"","ast-disable-related-posts":"","theme-transparent-header-meta":"default","adv-header-id-meta":"","stick-header-meta":"","header-above-stick-meta":"","header-main-stick-meta":"","header-below-stick-meta":"","astra-migrate-meta-layouts":"default","ast-page-background-enabled":"default","ast-page-background-meta":{"desktop":{"background-color":"","background-image":"","background-repeat":"repeat","background-position":"center center","background-size":"auto","background-attachment":"scroll","background-type":"","background-media":"","overlay-type":"","overlay-color":"","overlay-opacity":"","overlay-gradient":""},"tablet":{"background-color":"","background-image":"","background-repeat":"repeat","background-position":"center center","background-size":"auto","background-attachment":"scroll","background-type":"","background-media":"","overlay-type":"","overlay-color":"","overlay-opacity":"","overlay-gradient":""},"mobile":{"background-color":"","background-image":"","background-repeat":"repeat","background-position":"center center","background-size":"auto","background-attachment":"scroll","background-type":"","background-media":"","overlay-type":"","overlay-color":"","overlay-opacity":"","overlay-gradient":""}},"ast-content-background-meta":{"desktop":{"background-color":"var(--ast-global-color-5)","background-image":"","background-repeat":"repeat","background-position":"center center","background-size":"auto","background-attachment":"scroll","background-type":"","background-media":"","overlay-type":"","overlay-color":"","overlay-opacity":"","overlay-gradient":""},"tablet":{"background-color":"var(--ast-global-color-5)","background-image":"","background-repeat":"repeat","background-position":"center center","background-size":"auto","background-attachment":"scroll","background-type":"","background-media":"","overlay-type":"","overlay-color":"","overlay-opacity":"","overlay-gradient":""},"mobile":{"background-color":"var(--ast-global-color-5)","background-image":"","background-repeat":"repeat","background-position":"center center","background-size":"auto","background-attachment":"scroll","background-type":"","background-media":"","overlay-type":"","overlay-color":"","overlay-opacity":"","overlay-gradient":""}},"footnotes":""},"categories":[13,1],"tags":[],"class_list":["post-4819","post","type-post","status-publish","format-standard","has-post-thumbnail","hentry","category-direito-empresarial","category-sem-categoria"],"_links":{"self":[{"href":"http:\/\/cotrimadvogados.adv.br\/index.php?rest_route=\/wp\/v2\/posts\/4819","targetHints":{"allow":["GET"]}}],"collection":[{"href":"http:\/\/cotrimadvogados.adv.br\/index.php?rest_route=\/wp\/v2\/posts"}],"about":[{"href":"http:\/\/cotrimadvogados.adv.br\/index.php?rest_route=\/wp\/v2\/types\/post"}],"author":[{"embeddable":true,"href":"http:\/\/cotrimadvogados.adv.br\/index.php?rest_route=\/wp\/v2\/users\/1"}],"replies":[{"embeddable":true,"href":"http:\/\/cotrimadvogados.adv.br\/index.php?rest_route=%2Fwp%2Fv2%2Fcomments&post=4819"}],"version-history":[{"count":0,"href":"http:\/\/cotrimadvogados.adv.br\/index.php?rest_route=\/wp\/v2\/posts\/4819\/revisions"}],"wp:featuredmedia":[{"embeddable":true,"href":"http:\/\/cotrimadvogados.adv.br\/index.php?rest_route=\/wp\/v2\/media\/4820"}],"wp:attachment":[{"href":"http:\/\/cotrimadvogados.adv.br\/index.php?rest_route=%2Fwp%2Fv2%2Fmedia&parent=4819"}],"wp:term":[{"taxonomy":"category","embeddable":true,"href":"http:\/\/cotrimadvogados.adv.br\/index.php?rest_route=%2Fwp%2Fv2%2Fcategories&post=4819"},{"taxonomy":"post_tag","embeddable":true,"href":"http:\/\/cotrimadvogados.adv.br\/index.php?rest_route=%2Fwp%2Fv2%2Ftags&post=4819"}],"curies":[{"name":"wp","href":"https:\/\/api.w.org\/{rel}","templated":true}]}}