{"id":4835,"date":"2026-03-12T16:29:26","date_gmt":"2026-03-12T19:29:26","guid":{"rendered":"http:\/\/cotrimadvogados-adv-br.umbler.net\/?p=4835"},"modified":"2026-03-12T16:30:18","modified_gmt":"2026-03-12T19:30:18","slug":"stf-valida-auxilio-doenca-sem-necessidade-de-pericia-medica-presencial","status":"publish","type":"post","link":"http:\/\/cotrimadvogados.adv.br\/?p=4835","title":{"rendered":"STF valida aux\u00edlio-doen\u00e7a sem necessidade de per\u00edcia m\u00e9dica presencial"},"content":{"rendered":"\n<p>O Supremo Tribunal Federal (STF) declarou, por unanimidade, a constitucionalidade da norma que autoriza a concess\u00e3o do benef\u00edcio de aux\u00edlio por incapacidade tempor\u00e1ria sem a necessidade do exame presencial pelos peritos m\u00e9dicos federais. A norma \u00e9 v\u00e1lida at\u00e9 31 de dezembro deste ano.<\/p>\n\n\n\n<p>O objetivo da norma \u00e9 reduzir o impacto da Covid-19 sobre a renda dos benefici\u00e1rios do Regime Geral de Previd\u00eancia Social (RGPS). A relatora do processo, ministra C\u00e1rmen L\u00facia, destacou que a norma concretiza o direito fundamental \u00e0 Previd\u00eancia Social do segurado incapaz para o trabalho ou para a atividade habitual, como tamb\u00e9m contribui para a efici\u00eancia da presta\u00e7\u00e3o do servi\u00e7o p\u00fablico e reduz o impacto da pandemia sobre a renda desses benefici\u00e1rios.<\/p>\n\n\n\n<p>A relatora ainda refutou o argumento de que a norma acarretaria aumento de despesas. A ministra acrescentou que isso n\u00e3o ocorre porque a norma n\u00e3o estende as hip\u00f3teses de aux\u00edlio-doen\u00e7a e n\u00e3o coloca em risco o equil\u00edbrio financeiro e atuarial do sistema previdenci\u00e1rio.<\/p>\n\n\n\n<p>A lei 14.131\/21 tem origem na convers\u00e3o da MP 1.006\/20 e foi editada como medida de aux\u00edlio financeiro, permitindo o aumento da margem de cr\u00e9dito consignado dos titulares de benef\u00edcios de aposentadoria e pens\u00e3o durante o per\u00edodo da pandemia.<\/p>\n","protected":false},"excerpt":{"rendered":"<p>O Supremo Tribunal Federal (STF) declarou, por unanimidade, a constitucionalidade da norma que autoriza a concess\u00e3o do benef\u00edcio de aux\u00edlio por incapacidade tempor\u00e1ria sem a necessidade do exame presencial pelos peritos m\u00e9dicos federais. A norma \u00e9 v\u00e1lida at\u00e9 31 de dezembro deste ano. O objetivo da norma \u00e9 reduzir o impacto da Covid-19 sobre a [&hellip;]<\/p>\n","protected":false},"author":1,"featured_media":4836,"comment_status":"closed","ping_status":"closed","sticky":false,"template":"","format":"standard","meta":{"site-sidebar-layout":"default","site-content-layout":"default","ast-site-content-layout":"default","site-content-style":"default","site-sidebar-style":"default","ast-global-header-display":"","ast-banner-title-visibility":"","ast-main-header-display":"","ast-hfb-above-header-display":"","ast-hfb-below-header-display":"","ast-hfb-mobile-header-display":"","site-post-title":"","ast-breadcrumbs-content":"","ast-featured-img":"","footer-sml-layout":"","ast-disable-related-posts":"","theme-transparent-header-meta":"default","adv-header-id-meta":"","stick-header-meta":"","header-above-stick-meta":"","header-main-stick-meta":"","header-below-stick-meta":"","astra-migrate-meta-layouts":"default","ast-page-background-enabled":"default","ast-page-background-meta":{"desktop":{"background-color":"","background-image":"","background-repeat":"repeat","background-position":"center center","background-size":"auto","background-attachment":"scroll","background-type":"","background-media":"","overlay-type":"","overlay-color":"","overlay-opacity":"","overlay-gradient":""},"tablet":{"background-color":"","background-image":"","background-repeat":"repeat","background-position":"center center","background-size":"auto","background-attachment":"scroll","background-type":"","background-media":"","overlay-type":"","overlay-color":"","overlay-opacity":"","overlay-gradient":""},"mobile":{"background-color":"","background-image":"","background-repeat":"repeat","background-position":"center center","background-size":"auto","background-attachment":"scroll","background-type":"","background-media":"","overlay-type":"","overlay-color":"","overlay-opacity":"","overlay-gradient":""}},"ast-content-background-meta":{"desktop":{"background-color":"var(--ast-global-color-5)","background-image":"","background-repeat":"repeat","background-position":"center center","background-size":"auto","background-attachment":"scroll","background-type":"","background-media":"","overlay-type":"","overlay-color":"","overlay-opacity":"","overlay-gradient":""},"tablet":{"background-color":"var(--ast-global-color-5)","background-image":"","background-repeat":"repeat","background-position":"center center","background-size":"auto","background-attachment":"scroll","background-type":"","background-media":"","overlay-type":"","overlay-color":"","overlay-opacity":"","overlay-gradient":""},"mobile":{"background-color":"var(--ast-global-color-5)","background-image":"","background-repeat":"repeat","background-position":"center center","background-size":"auto","background-attachment":"scroll","background-type":"","background-media":"","overlay-type":"","overlay-color":"","overlay-opacity":"","overlay-gradient":""}},"footnotes":""},"categories":[1],"tags":[],"class_list":["post-4835","post","type-post","status-publish","format-standard","has-post-thumbnail","hentry","category-sem-categoria"],"_links":{"self":[{"href":"http:\/\/cotrimadvogados.adv.br\/index.php?rest_route=\/wp\/v2\/posts\/4835","targetHints":{"allow":["GET"]}}],"collection":[{"href":"http:\/\/cotrimadvogados.adv.br\/index.php?rest_route=\/wp\/v2\/posts"}],"about":[{"href":"http:\/\/cotrimadvogados.adv.br\/index.php?rest_route=\/wp\/v2\/types\/post"}],"author":[{"embeddable":true,"href":"http:\/\/cotrimadvogados.adv.br\/index.php?rest_route=\/wp\/v2\/users\/1"}],"replies":[{"embeddable":true,"href":"http:\/\/cotrimadvogados.adv.br\/index.php?rest_route=%2Fwp%2Fv2%2Fcomments&post=4835"}],"version-history":[{"count":0,"href":"http:\/\/cotrimadvogados.adv.br\/index.php?rest_route=\/wp\/v2\/posts\/4835\/revisions"}],"wp:featuredmedia":[{"embeddable":true,"href":"http:\/\/cotrimadvogados.adv.br\/index.php?rest_route=\/wp\/v2\/media\/4836"}],"wp:attachment":[{"href":"http:\/\/cotrimadvogados.adv.br\/index.php?rest_route=%2Fwp%2Fv2%2Fmedia&parent=4835"}],"wp:term":[{"taxonomy":"category","embeddable":true,"href":"http:\/\/cotrimadvogados.adv.br\/index.php?rest_route=%2Fwp%2Fv2%2Fcategories&post=4835"},{"taxonomy":"post_tag","embeddable":true,"href":"http:\/\/cotrimadvogados.adv.br\/index.php?rest_route=%2Fwp%2Fv2%2Ftags&post=4835"}],"curies":[{"name":"wp","href":"https:\/\/api.w.org\/{rel}","templated":true}]}}