{"id":4859,"date":"2026-03-12T16:29:23","date_gmt":"2026-03-12T19:29:23","guid":{"rendered":"http:\/\/cotrimadvogados-adv-br.umbler.net\/?p=4859"},"modified":"2026-03-12T16:30:15","modified_gmt":"2026-03-12T19:30:15","slug":"trabalhador-pode-ser-reembolsado-pela-empresa-por-usar-celular-particular-em-servico","status":"publish","type":"post","link":"http:\/\/cotrimadvogados.adv.br\/?p=4859","title":{"rendered":"trabalhador pode ser reembolsado pela empresa por usar celular particular em servi\u00e7o ?"},"content":{"rendered":"\n<p>O \u00f4nus de um empreendimento deve ser do empregador e n\u00e3o do empregado. Foi isso que determinou a 32\u00aa vara da Justi\u00e7a do Trabalho de Belo Horizonte ao definir que uma empresa fa\u00e7a o ressarcimento de despesas com pacote de dados de Internet a um vendedor que utilizava seu telefone particular em servi\u00e7o.Testemunhas contaram que era obrigat\u00f3rio o uso do celular particular em servi\u00e7o, o que gerava um gasto de R$ 80 a R$ 100 mensais, e que a empresa n\u00e3o ressarcia esse valor. O uso de pacote de dados de Internet era utilizado para a comunica\u00e7\u00e3o com os clientes, por meio de aplicativos de mensagens.Segundo a ju\u00edza Cl\u00e1udia Eunice Rodrigues, a empresa sabia da necessidade do celular e do pacote de dados para o pleno exerc\u00edcio da fun\u00e7\u00e3o, mas se absteve durante todo o contrato do vendedor, transferindo o \u00f4nus do empreendimento para o empregado e por isso se fez jus \u00e0 restitui\u00e7\u00e3o de despesas.Considerando a Lei Geral de Prote\u00e7\u00e3o de Dados Pessoais, \u00e9 prudente que a empresa obtenha pr\u00e9vio termo de consentimento para uso do celular do funcion\u00e1rio, sob pena de caracteriza\u00e7\u00e3o de danos morais e outras viola\u00e7\u00f5es.<\/p>\n","protected":false},"excerpt":{"rendered":"<p>O \u00f4nus de um empreendimento deve ser do empregador e n\u00e3o do empregado. Foi isso que determinou a 32\u00aa vara da Justi\u00e7a do Trabalho de Belo Horizonte ao definir que uma empresa fa\u00e7a o ressarcimento de despesas com pacote de dados de Internet a um vendedor que utilizava seu telefone particular em servi\u00e7o.Testemunhas contaram que [&hellip;]<\/p>\n","protected":false},"author":1,"featured_media":4860,"comment_status":"closed","ping_status":"closed","sticky":false,"template":"","format":"standard","meta":{"site-sidebar-layout":"default","site-content-layout":"default","ast-site-content-layout":"default","site-content-style":"default","site-sidebar-style":"default","ast-global-header-display":"","ast-banner-title-visibility":"","ast-main-header-display":"","ast-hfb-above-header-display":"","ast-hfb-below-header-display":"","ast-hfb-mobile-header-display":"","site-post-title":"","ast-breadcrumbs-content":"","ast-featured-img":"","footer-sml-layout":"","ast-disable-related-posts":"","theme-transparent-header-meta":"default","adv-header-id-meta":"","stick-header-meta":"","header-above-stick-meta":"","header-main-stick-meta":"","header-below-stick-meta":"","astra-migrate-meta-layouts":"default","ast-page-background-enabled":"default","ast-page-background-meta":{"desktop":{"background-color":"","background-image":"","background-repeat":"repeat","background-position":"center center","background-size":"auto","background-attachment":"scroll","background-type":"","background-media":"","overlay-type":"","overlay-color":"","overlay-opacity":"","overlay-gradient":""},"tablet":{"background-color":"","background-image":"","background-repeat":"repeat","background-position":"center center","background-size":"auto","background-attachment":"scroll","background-type":"","background-media":"","overlay-type":"","overlay-color":"","overlay-opacity":"","overlay-gradient":""},"mobile":{"background-color":"","background-image":"","background-repeat":"repeat","background-position":"center center","background-size":"auto","background-attachment":"scroll","background-type":"","background-media":"","overlay-type":"","overlay-color":"","overlay-opacity":"","overlay-gradient":""}},"ast-content-background-meta":{"desktop":{"background-color":"var(--ast-global-color-5)","background-image":"","background-repeat":"repeat","background-position":"center center","background-size":"auto","background-attachment":"scroll","background-type":"","background-media":"","overlay-type":"","overlay-color":"","overlay-opacity":"","overlay-gradient":""},"tablet":{"background-color":"var(--ast-global-color-5)","background-image":"","background-repeat":"repeat","background-position":"center center","background-size":"auto","background-attachment":"scroll","background-type":"","background-media":"","overlay-type":"","overlay-color":"","overlay-opacity":"","overlay-gradient":""},"mobile":{"background-color":"var(--ast-global-color-5)","background-image":"","background-repeat":"repeat","background-position":"center center","background-size":"auto","background-attachment":"scroll","background-type":"","background-media":"","overlay-type":"","overlay-color":"","overlay-opacity":"","overlay-gradient":""}},"footnotes":""},"categories":[1],"tags":[],"class_list":["post-4859","post","type-post","status-publish","format-standard","has-post-thumbnail","hentry","category-sem-categoria"],"_links":{"self":[{"href":"http:\/\/cotrimadvogados.adv.br\/index.php?rest_route=\/wp\/v2\/posts\/4859","targetHints":{"allow":["GET"]}}],"collection":[{"href":"http:\/\/cotrimadvogados.adv.br\/index.php?rest_route=\/wp\/v2\/posts"}],"about":[{"href":"http:\/\/cotrimadvogados.adv.br\/index.php?rest_route=\/wp\/v2\/types\/post"}],"author":[{"embeddable":true,"href":"http:\/\/cotrimadvogados.adv.br\/index.php?rest_route=\/wp\/v2\/users\/1"}],"replies":[{"embeddable":true,"href":"http:\/\/cotrimadvogados.adv.br\/index.php?rest_route=%2Fwp%2Fv2%2Fcomments&post=4859"}],"version-history":[{"count":0,"href":"http:\/\/cotrimadvogados.adv.br\/index.php?rest_route=\/wp\/v2\/posts\/4859\/revisions"}],"wp:featuredmedia":[{"embeddable":true,"href":"http:\/\/cotrimadvogados.adv.br\/index.php?rest_route=\/wp\/v2\/media\/4860"}],"wp:attachment":[{"href":"http:\/\/cotrimadvogados.adv.br\/index.php?rest_route=%2Fwp%2Fv2%2Fmedia&parent=4859"}],"wp:term":[{"taxonomy":"category","embeddable":true,"href":"http:\/\/cotrimadvogados.adv.br\/index.php?rest_route=%2Fwp%2Fv2%2Fcategories&post=4859"},{"taxonomy":"post_tag","embeddable":true,"href":"http:\/\/cotrimadvogados.adv.br\/index.php?rest_route=%2Fwp%2Fv2%2Ftags&post=4859"}],"curies":[{"name":"wp","href":"https:\/\/api.w.org\/{rel}","templated":true}]}}