{"id":4923,"date":"2026-03-12T16:29:33","date_gmt":"2026-03-12T19:29:33","guid":{"rendered":"http:\/\/cotrimadvogados-adv-br.umbler.net\/?p=4923"},"modified":"2026-03-12T16:30:24","modified_gmt":"2026-03-12T19:30:24","slug":"interceptacao-sem-apreensao-nao-e-suficiente","status":"publish","type":"post","link":"http:\/\/cotrimadvogados.adv.br\/?p=4923","title":{"rendered":"Intercepta\u00e7\u00e3o sem apreens\u00e3o n\u00e3o \u00e9 suficiente!"},"content":{"rendered":"\n<p>Importante precedente da 2\u00aa Vara Criminal de Praia Grande\/SP, que entendeu que di\u00e1logos telef\u00f4nicos interceptados com autoriza\u00e7\u00e3o judicial, mesmo se revelar supostos crimes, n\u00e3o s\u00e3o suficientes para a condena\u00e7\u00e3o se n\u00e3o houver apreens\u00e3o dos aparelhos celulares e outras provas nos autos que demonstrem o crime.<\/p>\n\n\n\n<p>Entendeu aquele Ju\u00edzo que a apreens\u00e3o dos dispositivos auxilia na prova de titularidade das linhas monitoradas com os acusados, e assim, a insufici\u00eancia da prova n\u00e3o poderia levar a condena\u00e7\u00e3o de uma den\u00fancia de tr\u00e1fico de drogas com associa\u00e7\u00e3o para o tr\u00e1fico.<\/p>\n\n\n\n<p>Sem provas concretas n\u00e3o h\u00e1 a possibilidade de decis\u00f5es s\u00f3lidas e diante do cen\u00e1rio de incertezas, como restou assinalado na senten\u00e7a,\u00a0<em>&#8220;o processo penal, como instrumento p\u00fablico de prote\u00e7\u00e3o de liberdades constitucionais individuais, n\u00e3o pode funcionar com meras conjecturas, suposi\u00e7\u00f5es ou ila\u00e7\u00f5es&#8221;<\/em>.<\/p>\n","protected":false},"excerpt":{"rendered":"<p>Importante precedente da 2\u00aa Vara Criminal de Praia Grande\/SP, que entendeu que di\u00e1logos telef\u00f4nicos interceptados com autoriza\u00e7\u00e3o judicial, mesmo se revelar supostos crimes, n\u00e3o s\u00e3o suficientes para a condena\u00e7\u00e3o se n\u00e3o houver apreens\u00e3o dos aparelhos celulares e outras provas nos autos que demonstrem o crime. Entendeu aquele Ju\u00edzo que a apreens\u00e3o dos dispositivos auxilia na [&hellip;]<\/p>\n","protected":false},"author":1,"featured_media":4924,"comment_status":"closed","ping_status":"closed","sticky":false,"template":"","format":"standard","meta":{"site-sidebar-layout":"default","site-content-layout":"default","ast-site-content-layout":"default","site-content-style":"default","site-sidebar-style":"default","ast-global-header-display":"","ast-banner-title-visibility":"","ast-main-header-display":"","ast-hfb-above-header-display":"","ast-hfb-below-header-display":"","ast-hfb-mobile-header-display":"","site-post-title":"","ast-breadcrumbs-content":"","ast-featured-img":"","footer-sml-layout":"","ast-disable-related-posts":"","theme-transparent-header-meta":"default","adv-header-id-meta":"","stick-header-meta":"","header-above-stick-meta":"","header-main-stick-meta":"","header-below-stick-meta":"","astra-migrate-meta-layouts":"default","ast-page-background-enabled":"default","ast-page-background-meta":{"desktop":{"background-color":"","background-image":"","background-repeat":"repeat","background-position":"center center","background-size":"auto","background-attachment":"scroll","background-type":"","background-media":"","overlay-type":"","overlay-color":"","overlay-opacity":"","overlay-gradient":""},"tablet":{"background-color":"","background-image":"","background-repeat":"repeat","background-position":"center center","background-size":"auto","background-attachment":"scroll","background-type":"","background-media":"","overlay-type":"","overlay-color":"","overlay-opacity":"","overlay-gradient":""},"mobile":{"background-color":"","background-image":"","background-repeat":"repeat","background-position":"center center","background-size":"auto","background-attachment":"scroll","background-type":"","background-media":"","overlay-type":"","overlay-color":"","overlay-opacity":"","overlay-gradient":""}},"ast-content-background-meta":{"desktop":{"background-color":"var(--ast-global-color-5)","background-image":"","background-repeat":"repeat","background-position":"center center","background-size":"auto","background-attachment":"scroll","background-type":"","background-media":"","overlay-type":"","overlay-color":"","overlay-opacity":"","overlay-gradient":""},"tablet":{"background-color":"var(--ast-global-color-5)","background-image":"","background-repeat":"repeat","background-position":"center center","background-size":"auto","background-attachment":"scroll","background-type":"","background-media":"","overlay-type":"","overlay-color":"","overlay-opacity":"","overlay-gradient":""},"mobile":{"background-color":"var(--ast-global-color-5)","background-image":"","background-repeat":"repeat","background-position":"center center","background-size":"auto","background-attachment":"scroll","background-type":"","background-media":"","overlay-type":"","overlay-color":"","overlay-opacity":"","overlay-gradient":""}},"footnotes":""},"categories":[1],"tags":[],"class_list":["post-4923","post","type-post","status-publish","format-standard","has-post-thumbnail","hentry","category-sem-categoria"],"_links":{"self":[{"href":"http:\/\/cotrimadvogados.adv.br\/index.php?rest_route=\/wp\/v2\/posts\/4923","targetHints":{"allow":["GET"]}}],"collection":[{"href":"http:\/\/cotrimadvogados.adv.br\/index.php?rest_route=\/wp\/v2\/posts"}],"about":[{"href":"http:\/\/cotrimadvogados.adv.br\/index.php?rest_route=\/wp\/v2\/types\/post"}],"author":[{"embeddable":true,"href":"http:\/\/cotrimadvogados.adv.br\/index.php?rest_route=\/wp\/v2\/users\/1"}],"replies":[{"embeddable":true,"href":"http:\/\/cotrimadvogados.adv.br\/index.php?rest_route=%2Fwp%2Fv2%2Fcomments&post=4923"}],"version-history":[{"count":0,"href":"http:\/\/cotrimadvogados.adv.br\/index.php?rest_route=\/wp\/v2\/posts\/4923\/revisions"}],"wp:featuredmedia":[{"embeddable":true,"href":"http:\/\/cotrimadvogados.adv.br\/index.php?rest_route=\/wp\/v2\/media\/4924"}],"wp:attachment":[{"href":"http:\/\/cotrimadvogados.adv.br\/index.php?rest_route=%2Fwp%2Fv2%2Fmedia&parent=4923"}],"wp:term":[{"taxonomy":"category","embeddable":true,"href":"http:\/\/cotrimadvogados.adv.br\/index.php?rest_route=%2Fwp%2Fv2%2Fcategories&post=4923"},{"taxonomy":"post_tag","embeddable":true,"href":"http:\/\/cotrimadvogados.adv.br\/index.php?rest_route=%2Fwp%2Fv2%2Ftags&post=4923"}],"curies":[{"name":"wp","href":"https:\/\/api.w.org\/{rel}","templated":true}]}}