{"id":4929,"date":"2026-03-12T17:14:38","date_gmt":"2026-03-12T20:14:38","guid":{"rendered":"http:\/\/cotrimadvogados-adv-br.umbler.net\/?p=4929"},"modified":"2026-03-12T17:14:38","modified_gmt":"2026-03-12T20:14:38","slug":"consultoria-prestada-apos-demissao-nao-configura-relacao-de-emprego","status":"publish","type":"post","link":"http:\/\/cotrimadvogados.adv.br\/?p=4929","title":{"rendered":"Consultoria prestada ap\u00f3s demiss\u00e3o n\u00e3o configura rela\u00e7\u00e3o de emprego"},"content":{"rendered":"\n<p>A subordina\u00e7\u00e3o \u00e9 o elemento que distingue a rela\u00e7\u00e3o de emprego das demais.<\/p>\n\n\n\n<p>Com base nesse entendimento, o ju\u00edzo da 1\u00aa Turma do Tribunal Regional do Trabalho da 11\u00aa Regi\u00e3o decidiu confirmar decis\u00e3o que n\u00e3o reconheceu o v\u00ednculo empregat\u00edcio entre um trabalhador contratado como consultor um dia ap\u00f3s ser demitido do cargo de gerente.<\/p>\n\n\n\n<p>Na a\u00e7\u00e3o, o profissional sustentou que a consultoria era, na verdade, a continua\u00e7\u00e3o da rela\u00e7\u00e3o de emprego que manteve com a empresa reclamada por 17 anos. Ap\u00f3s a venda da companhia, ele foi demitido sem justa causa e recontratado em seguida como consultor. Ele atuou nesse modelo de trabalho por dez anos.<\/p>\n\n\n\n<p>Ao analisar o caso, o relator, desembargador David Alves de Mello J\u00fanior para negar o recurso e ser acompanhado de forma un\u00e2nime entendeu que&nbsp;<em>&#8220;Da an\u00e1lise pormenorizada de todo o conjunto probat\u00f3rio, chega-se \u00e0 mesma conclus\u00e3o adotada no Ju\u00edzo de origem, no sentido de se manter a validade do contrato firmado com a reclamada, pois todos os servi\u00e7os exigidos do obreiro estavam em pleno acordo com o previsto no referido instrumento, al\u00e9m de n\u00e3o ter o recorrente se desincumbido de demonstrar a exist\u00eancia da subordina\u00e7\u00e3o jur\u00eddica, nos termos do art. 818, I, da CLT&#8221;<\/em>.<\/p>\n\n\n\n<p><\/p>\n","protected":false},"excerpt":{"rendered":"<p>A subordina\u00e7\u00e3o \u00e9 o elemento que distingue a rela\u00e7\u00e3o de emprego das demais. Com base nesse entendimento, o ju\u00edzo da 1\u00aa Turma do Tribunal Regional do Trabalho da 11\u00aa Regi\u00e3o decidiu confirmar decis\u00e3o que n\u00e3o reconheceu o v\u00ednculo empregat\u00edcio entre um trabalhador contratado como consultor um dia ap\u00f3s ser demitido do cargo de gerente. Na [&hellip;]<\/p>\n","protected":false},"author":1,"featured_media":4930,"comment_status":"closed","ping_status":"open","sticky":false,"template":"","format":"standard","meta":{"site-sidebar-layout":"default","site-content-layout":"default","ast-site-content-layout":"default","site-content-style":"default","site-sidebar-style":"default","ast-global-header-display":"","ast-banner-title-visibility":"","ast-main-header-display":"","ast-hfb-above-header-display":"","ast-hfb-below-header-display":"","ast-hfb-mobile-header-display":"","site-post-title":"","ast-breadcrumbs-content":"","ast-featured-img":"","footer-sml-layout":"","ast-disable-related-posts":"","theme-transparent-header-meta":"default","adv-header-id-meta":"","stick-header-meta":"","header-above-stick-meta":"","header-main-stick-meta":"","header-below-stick-meta":"","astra-migrate-meta-layouts":"default","ast-page-background-enabled":"default","ast-page-background-meta":{"desktop":{"background-color":"","background-image":"","background-repeat":"repeat","background-position":"center center","background-size":"auto","background-attachment":"scroll","background-type":"","background-media":"","overlay-type":"","overlay-color":"","overlay-opacity":"","overlay-gradient":""},"tablet":{"background-color":"","background-image":"","background-repeat":"repeat","background-position":"center center","background-size":"auto","background-attachment":"scroll","background-type":"","background-media":"","overlay-type":"","overlay-color":"","overlay-opacity":"","overlay-gradient":""},"mobile":{"background-color":"","background-image":"","background-repeat":"repeat","background-position":"center center","background-size":"auto","background-attachment":"scroll","background-type":"","background-media":"","overlay-type":"","overlay-color":"","overlay-opacity":"","overlay-gradient":""}},"ast-content-background-meta":{"desktop":{"background-color":"var(--ast-global-color-5)","background-image":"","background-repeat":"repeat","background-position":"center center","background-size":"auto","background-attachment":"scroll","background-type":"","background-media":"","overlay-type":"","overlay-color":"","overlay-opacity":"","overlay-gradient":""},"tablet":{"background-color":"var(--ast-global-color-5)","background-image":"","background-repeat":"repeat","background-position":"center center","background-size":"auto","background-attachment":"scroll","background-type":"","background-media":"","overlay-type":"","overlay-color":"","overlay-opacity":"","overlay-gradient":""},"mobile":{"background-color":"var(--ast-global-color-5)","background-image":"","background-repeat":"repeat","background-position":"center center","background-size":"auto","background-attachment":"scroll","background-type":"","background-media":"","overlay-type":"","overlay-color":"","overlay-opacity":"","overlay-gradient":""}},"footnotes":""},"categories":[13,1],"tags":[],"class_list":["post-4929","post","type-post","status-publish","format-standard","has-post-thumbnail","hentry","category-direito-empresarial","category-sem-categoria"],"_links":{"self":[{"href":"http:\/\/cotrimadvogados.adv.br\/index.php?rest_route=\/wp\/v2\/posts\/4929","targetHints":{"allow":["GET"]}}],"collection":[{"href":"http:\/\/cotrimadvogados.adv.br\/index.php?rest_route=\/wp\/v2\/posts"}],"about":[{"href":"http:\/\/cotrimadvogados.adv.br\/index.php?rest_route=\/wp\/v2\/types\/post"}],"author":[{"embeddable":true,"href":"http:\/\/cotrimadvogados.adv.br\/index.php?rest_route=\/wp\/v2\/users\/1"}],"replies":[{"embeddable":true,"href":"http:\/\/cotrimadvogados.adv.br\/index.php?rest_route=%2Fwp%2Fv2%2Fcomments&post=4929"}],"version-history":[{"count":0,"href":"http:\/\/cotrimadvogados.adv.br\/index.php?rest_route=\/wp\/v2\/posts\/4929\/revisions"}],"wp:featuredmedia":[{"embeddable":true,"href":"http:\/\/cotrimadvogados.adv.br\/index.php?rest_route=\/wp\/v2\/media\/4930"}],"wp:attachment":[{"href":"http:\/\/cotrimadvogados.adv.br\/index.php?rest_route=%2Fwp%2Fv2%2Fmedia&parent=4929"}],"wp:term":[{"taxonomy":"category","embeddable":true,"href":"http:\/\/cotrimadvogados.adv.br\/index.php?rest_route=%2Fwp%2Fv2%2Fcategories&post=4929"},{"taxonomy":"post_tag","embeddable":true,"href":"http:\/\/cotrimadvogados.adv.br\/index.php?rest_route=%2Fwp%2Fv2%2Ftags&post=4929"}],"curies":[{"name":"wp","href":"https:\/\/api.w.org\/{rel}","templated":true}]}}