{"id":4945,"date":"2026-03-12T16:29:25","date_gmt":"2026-03-12T19:29:25","guid":{"rendered":"http:\/\/cotrimadvogados-adv-br.umbler.net\/?p=4945"},"modified":"2026-03-12T16:30:17","modified_gmt":"2026-03-12T19:30:17","slug":"teoria-da-vida-util-e-a-garantia-contratual","status":"publish","type":"post","link":"http:\/\/cotrimadvogados.adv.br\/?p=4945","title":{"rendered":"Teoria da vida \u00fatil e a garantia contratual"},"content":{"rendered":"\n<p>O STJ, atrav\u00e9s de decis\u00e3o proferida pelo Ministro Vilas B\u00f4as Cueva, firmou posicionamento paradigm\u00e1tico quanto ao prazo dado ao consumidor para reclamar de v\u00edcio oculto presente em produto por ele adquirido.<\/p>\n\n\n\n<p>O Recurso Especial debru\u00e7ou-se quanto \u00e0 verifica\u00e7\u00e3o da responsabilidade da empresa fornecedora de produtos eletrodom\u00e9sticos sobre v\u00edcios ocultos que somente ficaram percept\u00edveis ao consumidor cerca de quatro anos ap\u00f3s a compra, e tr\u00eas anos ap\u00f3s o t\u00e9rmino da garantia contratual.<\/p>\n\n\n\n<p>O C\u00f3digo de Defesa do Consumidor estabelece os prazos, em seu artigo 26, para reclama\u00e7\u00e3o de defeitos no produto, que n\u00e3o pode se confundir com o prazo de garantia de qualidade do bem e se tratando de bens de consumo dur\u00e1veis e o v\u00edcio aparente, de f\u00e1cil constata\u00e7\u00e3o, o consumidor ter\u00e1 o prazo de 90 dias para exigir a repara\u00e7\u00e3o, iniciando-se a contagem do prazo a partir da efetiva entrega do produto, descontando o prazo da garantia contratual. Em se tratando de bens de consumo n\u00e3o dur\u00e1veis, para v\u00edcios de imediata identifica\u00e7\u00e3o, o prazo cai para 30 dias.<\/p>\n\n\n\n<p>Por\u00e9m, existem os v\u00edcios ocultos e nesse caso, o CDC adotou a teoria da vida \u00fatil do bem, possibilitando a responsabiliza\u00e7\u00e3o do fornecedor por longo espa\u00e7o de tempo, mesmo que expirada a garantia contratual e legal.<\/p>\n\n\n\n<p>N\u00e3o significa uma responsabiliza\u00e7\u00e3o eterna do fornecedor pelos v\u00edcios dos produtos, contudo, a din\u00e2mica de mercado dos dias atuais n\u00e3o pode limitar sua responsabiliza\u00e7\u00e3o unicamente pelos prazos da garantia contratual e legal, com base nesse contexto que o STJ decidiu que a responsabilidade do fornecedor dever\u00e1 ser medida pela natureza do v\u00edcio no produto e pela vida \u00fatil esperada do bem, mesmo que j\u00e1 esgotado o prazo de garantia.<\/p>\n","protected":false},"excerpt":{"rendered":"<p>O STJ, atrav\u00e9s de decis\u00e3o proferida pelo Ministro Vilas B\u00f4as Cueva, firmou posicionamento paradigm\u00e1tico quanto ao prazo dado ao consumidor para reclamar de v\u00edcio oculto presente em produto por ele adquirido. O Recurso Especial debru\u00e7ou-se quanto \u00e0 verifica\u00e7\u00e3o da responsabilidade da empresa fornecedora de produtos eletrodom\u00e9sticos sobre v\u00edcios ocultos que somente ficaram percept\u00edveis ao consumidor [&hellip;]<\/p>\n","protected":false},"author":1,"featured_media":4940,"comment_status":"closed","ping_status":"closed","sticky":false,"template":"","format":"standard","meta":{"site-sidebar-layout":"default","site-content-layout":"default","ast-site-content-layout":"default","site-content-style":"default","site-sidebar-style":"default","ast-global-header-display":"","ast-banner-title-visibility":"","ast-main-header-display":"","ast-hfb-above-header-display":"","ast-hfb-below-header-display":"","ast-hfb-mobile-header-display":"","site-post-title":"","ast-breadcrumbs-content":"","ast-featured-img":"","footer-sml-layout":"","ast-disable-related-posts":"","theme-transparent-header-meta":"default","adv-header-id-meta":"","stick-header-meta":"","header-above-stick-meta":"","header-main-stick-meta":"","header-below-stick-meta":"","astra-migrate-meta-layouts":"default","ast-page-background-enabled":"default","ast-page-background-meta":{"desktop":{"background-color":"","background-image":"","background-repeat":"repeat","background-position":"center center","background-size":"auto","background-attachment":"scroll","background-type":"","background-media":"","overlay-type":"","overlay-color":"","overlay-opacity":"","overlay-gradient":""},"tablet":{"background-color":"","background-image":"","background-repeat":"repeat","background-position":"center center","background-size":"auto","background-attachment":"scroll","background-type":"","background-media":"","overlay-type":"","overlay-color":"","overlay-opacity":"","overlay-gradient":""},"mobile":{"background-color":"","background-image":"","background-repeat":"repeat","background-position":"center center","background-size":"auto","background-attachment":"scroll","background-type":"","background-media":"","overlay-type":"","overlay-color":"","overlay-opacity":"","overlay-gradient":""}},"ast-content-background-meta":{"desktop":{"background-color":"var(--ast-global-color-5)","background-image":"","background-repeat":"repeat","background-position":"center center","background-size":"auto","background-attachment":"scroll","background-type":"","background-media":"","overlay-type":"","overlay-color":"","overlay-opacity":"","overlay-gradient":""},"tablet":{"background-color":"var(--ast-global-color-5)","background-image":"","background-repeat":"repeat","background-position":"center center","background-size":"auto","background-attachment":"scroll","background-type":"","background-media":"","overlay-type":"","overlay-color":"","overlay-opacity":"","overlay-gradient":""},"mobile":{"background-color":"var(--ast-global-color-5)","background-image":"","background-repeat":"repeat","background-position":"center center","background-size":"auto","background-attachment":"scroll","background-type":"","background-media":"","overlay-type":"","overlay-color":"","overlay-opacity":"","overlay-gradient":""}},"footnotes":""},"categories":[1],"tags":[],"class_list":["post-4945","post","type-post","status-publish","format-standard","has-post-thumbnail","hentry","category-sem-categoria"],"_links":{"self":[{"href":"http:\/\/cotrimadvogados.adv.br\/index.php?rest_route=\/wp\/v2\/posts\/4945","targetHints":{"allow":["GET"]}}],"collection":[{"href":"http:\/\/cotrimadvogados.adv.br\/index.php?rest_route=\/wp\/v2\/posts"}],"about":[{"href":"http:\/\/cotrimadvogados.adv.br\/index.php?rest_route=\/wp\/v2\/types\/post"}],"author":[{"embeddable":true,"href":"http:\/\/cotrimadvogados.adv.br\/index.php?rest_route=\/wp\/v2\/users\/1"}],"replies":[{"embeddable":true,"href":"http:\/\/cotrimadvogados.adv.br\/index.php?rest_route=%2Fwp%2Fv2%2Fcomments&post=4945"}],"version-history":[{"count":0,"href":"http:\/\/cotrimadvogados.adv.br\/index.php?rest_route=\/wp\/v2\/posts\/4945\/revisions"}],"wp:featuredmedia":[{"embeddable":true,"href":"http:\/\/cotrimadvogados.adv.br\/index.php?rest_route=\/wp\/v2\/media\/4940"}],"wp:attachment":[{"href":"http:\/\/cotrimadvogados.adv.br\/index.php?rest_route=%2Fwp%2Fv2%2Fmedia&parent=4945"}],"wp:term":[{"taxonomy":"category","embeddable":true,"href":"http:\/\/cotrimadvogados.adv.br\/index.php?rest_route=%2Fwp%2Fv2%2Fcategories&post=4945"},{"taxonomy":"post_tag","embeddable":true,"href":"http:\/\/cotrimadvogados.adv.br\/index.php?rest_route=%2Fwp%2Fv2%2Ftags&post=4945"}],"curies":[{"name":"wp","href":"https:\/\/api.w.org\/{rel}","templated":true}]}}