{"id":4971,"date":"2026-03-12T16:29:30","date_gmt":"2026-03-12T19:29:30","guid":{"rendered":"http:\/\/cotrimadvogados-adv-br.umbler.net\/?p=4971"},"modified":"2026-03-12T16:30:22","modified_gmt":"2026-03-12T19:30:22","slug":"o-whatsapp-fora-do-ambiente-de-trabalho-nao-e-hora-extra-para-funcionarios","status":"publish","type":"post","link":"http:\/\/cotrimadvogados.adv.br\/?p=4971","title":{"rendered":"O WhatsApp fora do ambiente de trabalho N\u00c3O \u00e9 hora extra para funcion\u00e1rios"},"content":{"rendered":"\n<p>A Justi\u00e7a do Trabalho de Minas Gerais isentou uma empresa de pagar horas extras a funcion\u00e1rio.<\/p>\n\n\n\n<p>O colaborador alegou ter uso excessivo do WhatsApp em grupos do trabalho e n\u00e3o ter sa\u00eddo deles por medo de repres\u00e1lias do seu superior.<\/p>\n\n\n\n<p>Com isso, solicitou remunera\u00e7\u00e3o por jornada extra judicialmente, mas o Tribunal Regional do Trabalho de Minas Gerais n\u00e3o entendeu pelo pagamento por parte da empresa.<\/p>\n\n\n\n<p>O fundamento para a decis\u00e3o daquele Tribunal foi que o ambiente informal que comp\u00f5e um grupo do trabalho de WhatsApp em hor\u00e1rio de folgas n\u00e3o importa em caracteriza\u00e7\u00e3o de servi\u00e7os prestados e ainda, as testemunhas ouvidas afirmaram n\u00e3o terem visto nenhuma ordem dada pelas mensagens do aplicativo.<\/p>\n\n\n\n<p>O repasse de informa\u00e7\u00f5es entre o funcion\u00e1rio e seus colegas no grupo de Whats App do trabalho at\u00e9 pode justificar a procura da justi\u00e7a por remunera\u00e7\u00e3o extra, mas a intera\u00e7\u00e3o em hor\u00e1rios de descanso \u00e9 algo opcional do pr\u00f3prio funcion\u00e1rio e n\u00e3o uma obriga\u00e7\u00e3o imposta pela empresa.<\/p>\n\n\n\n<p>Assim, foi negada qualquer presta\u00e7\u00e3o de servi\u00e7os e pagamento por horas extras ao funcion\u00e1rio!<\/p>\n","protected":false},"excerpt":{"rendered":"<p>A Justi\u00e7a do Trabalho de Minas Gerais isentou uma empresa de pagar horas extras a funcion\u00e1rio. O colaborador alegou ter uso excessivo do WhatsApp em grupos do trabalho e n\u00e3o ter sa\u00eddo deles por medo de repres\u00e1lias do seu superior. Com isso, solicitou remunera\u00e7\u00e3o por jornada extra judicialmente, mas o Tribunal Regional do Trabalho de [&hellip;]<\/p>\n","protected":false},"author":1,"featured_media":4972,"comment_status":"closed","ping_status":"closed","sticky":false,"template":"","format":"standard","meta":{"site-sidebar-layout":"default","site-content-layout":"default","ast-site-content-layout":"default","site-content-style":"default","site-sidebar-style":"default","ast-global-header-display":"","ast-banner-title-visibility":"","ast-main-header-display":"","ast-hfb-above-header-display":"","ast-hfb-below-header-display":"","ast-hfb-mobile-header-display":"","site-post-title":"","ast-breadcrumbs-content":"","ast-featured-img":"","footer-sml-layout":"","ast-disable-related-posts":"","theme-transparent-header-meta":"default","adv-header-id-meta":"","stick-header-meta":"","header-above-stick-meta":"","header-main-stick-meta":"","header-below-stick-meta":"","astra-migrate-meta-layouts":"default","ast-page-background-enabled":"default","ast-page-background-meta":{"desktop":{"background-color":"","background-image":"","background-repeat":"repeat","background-position":"center center","background-size":"auto","background-attachment":"scroll","background-type":"","background-media":"","overlay-type":"","overlay-color":"","overlay-opacity":"","overlay-gradient":""},"tablet":{"background-color":"","background-image":"","background-repeat":"repeat","background-position":"center center","background-size":"auto","background-attachment":"scroll","background-type":"","background-media":"","overlay-type":"","overlay-color":"","overlay-opacity":"","overlay-gradient":""},"mobile":{"background-color":"","background-image":"","background-repeat":"repeat","background-position":"center center","background-size":"auto","background-attachment":"scroll","background-type":"","background-media":"","overlay-type":"","overlay-color":"","overlay-opacity":"","overlay-gradient":""}},"ast-content-background-meta":{"desktop":{"background-color":"var(--ast-global-color-5)","background-image":"","background-repeat":"repeat","background-position":"center center","background-size":"auto","background-attachment":"scroll","background-type":"","background-media":"","overlay-type":"","overlay-color":"","overlay-opacity":"","overlay-gradient":""},"tablet":{"background-color":"var(--ast-global-color-5)","background-image":"","background-repeat":"repeat","background-position":"center center","background-size":"auto","background-attachment":"scroll","background-type":"","background-media":"","overlay-type":"","overlay-color":"","overlay-opacity":"","overlay-gradient":""},"mobile":{"background-color":"var(--ast-global-color-5)","background-image":"","background-repeat":"repeat","background-position":"center center","background-size":"auto","background-attachment":"scroll","background-type":"","background-media":"","overlay-type":"","overlay-color":"","overlay-opacity":"","overlay-gradient":""}},"footnotes":""},"categories":[1],"tags":[],"class_list":["post-4971","post","type-post","status-publish","format-standard","has-post-thumbnail","hentry","category-sem-categoria"],"_links":{"self":[{"href":"http:\/\/cotrimadvogados.adv.br\/index.php?rest_route=\/wp\/v2\/posts\/4971","targetHints":{"allow":["GET"]}}],"collection":[{"href":"http:\/\/cotrimadvogados.adv.br\/index.php?rest_route=\/wp\/v2\/posts"}],"about":[{"href":"http:\/\/cotrimadvogados.adv.br\/index.php?rest_route=\/wp\/v2\/types\/post"}],"author":[{"embeddable":true,"href":"http:\/\/cotrimadvogados.adv.br\/index.php?rest_route=\/wp\/v2\/users\/1"}],"replies":[{"embeddable":true,"href":"http:\/\/cotrimadvogados.adv.br\/index.php?rest_route=%2Fwp%2Fv2%2Fcomments&post=4971"}],"version-history":[{"count":0,"href":"http:\/\/cotrimadvogados.adv.br\/index.php?rest_route=\/wp\/v2\/posts\/4971\/revisions"}],"wp:featuredmedia":[{"embeddable":true,"href":"http:\/\/cotrimadvogados.adv.br\/index.php?rest_route=\/wp\/v2\/media\/4972"}],"wp:attachment":[{"href":"http:\/\/cotrimadvogados.adv.br\/index.php?rest_route=%2Fwp%2Fv2%2Fmedia&parent=4971"}],"wp:term":[{"taxonomy":"category","embeddable":true,"href":"http:\/\/cotrimadvogados.adv.br\/index.php?rest_route=%2Fwp%2Fv2%2Fcategories&post=4971"},{"taxonomy":"post_tag","embeddable":true,"href":"http:\/\/cotrimadvogados.adv.br\/index.php?rest_route=%2Fwp%2Fv2%2Ftags&post=4971"}],"curies":[{"name":"wp","href":"https:\/\/api.w.org\/{rel}","templated":true}]}}