{"id":5006,"date":"2026-03-12T17:14:40","date_gmt":"2026-03-12T20:14:40","guid":{"rendered":"http:\/\/cotrimadvogados-adv-br.umbler.net\/?p=5006"},"modified":"2026-03-12T17:14:40","modified_gmt":"2026-03-12T20:14:40","slug":"atos-de-constricao-judicial-nao-podem-inviabilizar-continuidade-das-atividades-de-empresa-recuperanda","status":"publish","type":"post","link":"http:\/\/cotrimadvogados.adv.br\/?p=5006","title":{"rendered":"ATOS DE CONSTRI\u00c7\u00c3O JUDICIAL N\u00c3O PODEM INVIABILIZAR CONTINUIDADE DAS ATIVIDADES DE EMPRESA RECUPERANDA."},"content":{"rendered":"\n<p>H\u00e1 algumas semanas, esclarecemos ao nosso p\u00fablico que a recupera\u00e7\u00e3o judicial \u00e9 um procedimento atrav\u00e9s do qual a empresa que est\u00e1 financeiramente afetada busca resolver a sua situa\u00e7\u00e3o de insolv\u00eancia, para evitar o encerramento das atividades.<br>O procedimento de recupera\u00e7\u00e3o judicial \u00e9 regulado pela Lei n\u00b0 11.101\/05, alterada em 2020 pela Lei 14.112\/20, e estabelece, por exemplo, a suspens\u00e3o das execu\u00e7\u00f5es ajuizadas contra a empresa devedora relativas a cr\u00e9ditos ou obriga\u00e7\u00f5es sujeitas \u00e0 recupera\u00e7\u00e3o.<br>As execu\u00e7\u00f5es fiscais, no entanto, n\u00e3o s\u00e3o suspensas com o simples deferimento da recupera\u00e7\u00e3o judicial \u00e0 empresa, sendo poss\u00edvel que seus bens sofram constri\u00e7\u00e3o para a satisfa\u00e7\u00e3o da d\u00edvida, e foi isso o que aconteceu recentemente com uma empresa que estava em recupera\u00e7\u00e3o judicial e sofreu um bloqueio no valor de R$ 194.027,51 em um processo de execu\u00e7\u00e3o fiscal.<br>Contudo, a ju\u00edza respons\u00e1vel pelo processo da recupera\u00e7\u00e3o, verificando que o bloqueio poderia inviabilizar a continuidade das atividades exercidas pela empresa, determinou a libera\u00e7\u00e3o dos valores e ainda determinou que o Ju\u00edzo da execu\u00e7\u00e3o fiscal ficaria impedido de promover novos bloqueios \u00e0s contas da empresa por 06 meses, pois isso poderia afetar a recupera\u00e7\u00e3o.<br>Segunda a Magistrada, manter o bloqueio em quest\u00e3o apenas agravaria o problema, aumentando as chances de n\u00e3o pagamento dos demais credores e decreta\u00e7\u00e3o de fal\u00eancia, o que seria prejudicial a toda a coletividade.<br>Portanto, \u00e9 importante que voc\u00ea, empres\u00e1rio (a), tenha um assessoramento jur\u00eddico para que n\u00e3o corra o risco de ver o neg\u00f3cio que construiu com anos de trabalho ser inviabilizado por eventuais excessos cometidos durante uma execu\u00e7\u00e3o.<\/p>\n\n\n\n<p><\/p>\n","protected":false},"excerpt":{"rendered":"<p>H\u00e1 algumas semanas, esclarecemos ao nosso p\u00fablico que a recupera\u00e7\u00e3o judicial \u00e9 um procedimento atrav\u00e9s do qual a empresa que est\u00e1 financeiramente afetada busca resolver a sua situa\u00e7\u00e3o de insolv\u00eancia, para evitar o encerramento das atividades.O procedimento de recupera\u00e7\u00e3o judicial \u00e9 regulado pela Lei n\u00b0 11.101\/05, alterada em 2020 pela Lei 14.112\/20, e estabelece, por [&hellip;]<\/p>\n","protected":false},"author":1,"featured_media":5007,"comment_status":"closed","ping_status":"open","sticky":false,"template":"","format":"standard","meta":{"site-sidebar-layout":"default","site-content-layout":"default","ast-site-content-layout":"default","site-content-style":"default","site-sidebar-style":"default","ast-global-header-display":"","ast-banner-title-visibility":"","ast-main-header-display":"","ast-hfb-above-header-display":"","ast-hfb-below-header-display":"","ast-hfb-mobile-header-display":"","site-post-title":"","ast-breadcrumbs-content":"","ast-featured-img":"","footer-sml-layout":"","ast-disable-related-posts":"","theme-transparent-header-meta":"default","adv-header-id-meta":"","stick-header-meta":"","header-above-stick-meta":"","header-main-stick-meta":"","header-below-stick-meta":"","astra-migrate-meta-layouts":"default","ast-page-background-enabled":"default","ast-page-background-meta":{"desktop":{"background-color":"","background-image":"","background-repeat":"repeat","background-position":"center center","background-size":"auto","background-attachment":"scroll","background-type":"","background-media":"","overlay-type":"","overlay-color":"","overlay-opacity":"","overlay-gradient":""},"tablet":{"background-color":"","background-image":"","background-repeat":"repeat","background-position":"center center","background-size":"auto","background-attachment":"scroll","background-type":"","background-media":"","overlay-type":"","overlay-color":"","overlay-opacity":"","overlay-gradient":""},"mobile":{"background-color":"","background-image":"","background-repeat":"repeat","background-position":"center center","background-size":"auto","background-attachment":"scroll","background-type":"","background-media":"","overlay-type":"","overlay-color":"","overlay-opacity":"","overlay-gradient":""}},"ast-content-background-meta":{"desktop":{"background-color":"var(--ast-global-color-5)","background-image":"","background-repeat":"repeat","background-position":"center center","background-size":"auto","background-attachment":"scroll","background-type":"","background-media":"","overlay-type":"","overlay-color":"","overlay-opacity":"","overlay-gradient":""},"tablet":{"background-color":"var(--ast-global-color-5)","background-image":"","background-repeat":"repeat","background-position":"center center","background-size":"auto","background-attachment":"scroll","background-type":"","background-media":"","overlay-type":"","overlay-color":"","overlay-opacity":"","overlay-gradient":""},"mobile":{"background-color":"var(--ast-global-color-5)","background-image":"","background-repeat":"repeat","background-position":"center center","background-size":"auto","background-attachment":"scroll","background-type":"","background-media":"","overlay-type":"","overlay-color":"","overlay-opacity":"","overlay-gradient":""}},"footnotes":""},"categories":[13,1],"tags":[],"class_list":["post-5006","post","type-post","status-publish","format-standard","has-post-thumbnail","hentry","category-direito-empresarial","category-sem-categoria"],"_links":{"self":[{"href":"http:\/\/cotrimadvogados.adv.br\/index.php?rest_route=\/wp\/v2\/posts\/5006","targetHints":{"allow":["GET"]}}],"collection":[{"href":"http:\/\/cotrimadvogados.adv.br\/index.php?rest_route=\/wp\/v2\/posts"}],"about":[{"href":"http:\/\/cotrimadvogados.adv.br\/index.php?rest_route=\/wp\/v2\/types\/post"}],"author":[{"embeddable":true,"href":"http:\/\/cotrimadvogados.adv.br\/index.php?rest_route=\/wp\/v2\/users\/1"}],"replies":[{"embeddable":true,"href":"http:\/\/cotrimadvogados.adv.br\/index.php?rest_route=%2Fwp%2Fv2%2Fcomments&post=5006"}],"version-history":[{"count":0,"href":"http:\/\/cotrimadvogados.adv.br\/index.php?rest_route=\/wp\/v2\/posts\/5006\/revisions"}],"wp:featuredmedia":[{"embeddable":true,"href":"http:\/\/cotrimadvogados.adv.br\/index.php?rest_route=\/wp\/v2\/media\/5007"}],"wp:attachment":[{"href":"http:\/\/cotrimadvogados.adv.br\/index.php?rest_route=%2Fwp%2Fv2%2Fmedia&parent=5006"}],"wp:term":[{"taxonomy":"category","embeddable":true,"href":"http:\/\/cotrimadvogados.adv.br\/index.php?rest_route=%2Fwp%2Fv2%2Fcategories&post=5006"},{"taxonomy":"post_tag","embeddable":true,"href":"http:\/\/cotrimadvogados.adv.br\/index.php?rest_route=%2Fwp%2Fv2%2Ftags&post=5006"}],"curies":[{"name":"wp","href":"https:\/\/api.w.org\/{rel}","templated":true}]}}