{"id":5024,"date":"2026-03-12T16:29:31","date_gmt":"2026-03-12T19:29:31","guid":{"rendered":"http:\/\/cotrimadvogados-adv-br.umbler.net\/?p=5024"},"modified":"2026-03-12T16:30:23","modified_gmt":"2026-03-12T19:30:23","slug":"maioria-do-eleitorado-de-2022-tem-ensino-medio-completo","status":"publish","type":"post","link":"http:\/\/cotrimadvogados.adv.br\/?p=5024","title":{"rendered":"Maioria do eleitorado de 2022 tem ensino m\u00e9dio completo"},"content":{"rendered":"\n<p>Dados divulgados pelo TSE a partir do Cadastro Eleitoral revelam uma mudan\u00e7a importante quanto ao grau de instru\u00e7\u00e3o dos eleitores: a maioria possui ensino m\u00e9dio completo. S\u00e3o 41.161.552 eleitores, o equivalente a 26,31% das pessoas aptas a votar nas Elei\u00e7\u00f5es 2022.<\/p>\n\n\n\n<p>A principal faixa do eleitorado em 2018 e 2014 era composta por pessoas com o ensino fundamental incompleto. Em segundo lugar est\u00e1 o p\u00fablico com ensino fundamental incompleto, composto por 35.930.401 eleitores, que corresponde a 22,97% das pessoas aptas a votar.<\/p>\n\n\n\n<p>Eleitores com o ensino m\u00e9dio incompleto (16,65%) correspondem a 26.049.309 pessoas e outras 17.127.128 declaram ter o ensino superior completo (10,95%).<\/p>\n\n\n\n<p>Para as Elei\u00e7\u00f5es 2022, 8.409.644 eleitores declaram ter ensino superior incompleto e os analfabetos correspondem a 6.339.894 pessoas.<\/p>\n\n\n\n<p>Ao divulgar os dados e o perfil que comp\u00f5e o eleitorado, o TSE cumpre uma de suas miss\u00f5es que \u00e9 organizar, preparar e realizar as elei\u00e7\u00f5es fundamentais para o Estado Democr\u00e1tico de Direito e para a pr\u00f3pria democracia.<\/p>\n\n\n\n<p><\/p>\n","protected":false},"excerpt":{"rendered":"<p>Dados divulgados pelo TSE a partir do Cadastro Eleitoral revelam uma mudan\u00e7a importante quanto ao grau de instru\u00e7\u00e3o dos eleitores: a maioria possui ensino m\u00e9dio completo. S\u00e3o 41.161.552 eleitores, o equivalente a 26,31% das pessoas aptas a votar nas Elei\u00e7\u00f5es 2022. A principal faixa do eleitorado em 2018 e 2014 era composta por pessoas com [&hellip;]<\/p>\n","protected":false},"author":1,"featured_media":5025,"comment_status":"closed","ping_status":"closed","sticky":false,"template":"","format":"standard","meta":{"site-sidebar-layout":"default","site-content-layout":"default","ast-site-content-layout":"default","site-content-style":"default","site-sidebar-style":"default","ast-global-header-display":"","ast-banner-title-visibility":"","ast-main-header-display":"","ast-hfb-above-header-display":"","ast-hfb-below-header-display":"","ast-hfb-mobile-header-display":"","site-post-title":"","ast-breadcrumbs-content":"","ast-featured-img":"","footer-sml-layout":"","ast-disable-related-posts":"","theme-transparent-header-meta":"default","adv-header-id-meta":"","stick-header-meta":"","header-above-stick-meta":"","header-main-stick-meta":"","header-below-stick-meta":"","astra-migrate-meta-layouts":"default","ast-page-background-enabled":"default","ast-page-background-meta":{"desktop":{"background-color":"","background-image":"","background-repeat":"repeat","background-position":"center center","background-size":"auto","background-attachment":"scroll","background-type":"","background-media":"","overlay-type":"","overlay-color":"","overlay-opacity":"","overlay-gradient":""},"tablet":{"background-color":"","background-image":"","background-repeat":"repeat","background-position":"center center","background-size":"auto","background-attachment":"scroll","background-type":"","background-media":"","overlay-type":"","overlay-color":"","overlay-opacity":"","overlay-gradient":""},"mobile":{"background-color":"","background-image":"","background-repeat":"repeat","background-position":"center center","background-size":"auto","background-attachment":"scroll","background-type":"","background-media":"","overlay-type":"","overlay-color":"","overlay-opacity":"","overlay-gradient":""}},"ast-content-background-meta":{"desktop":{"background-color":"var(--ast-global-color-5)","background-image":"","background-repeat":"repeat","background-position":"center center","background-size":"auto","background-attachment":"scroll","background-type":"","background-media":"","overlay-type":"","overlay-color":"","overlay-opacity":"","overlay-gradient":""},"tablet":{"background-color":"var(--ast-global-color-5)","background-image":"","background-repeat":"repeat","background-position":"center center","background-size":"auto","background-attachment":"scroll","background-type":"","background-media":"","overlay-type":"","overlay-color":"","overlay-opacity":"","overlay-gradient":""},"mobile":{"background-color":"var(--ast-global-color-5)","background-image":"","background-repeat":"repeat","background-position":"center center","background-size":"auto","background-attachment":"scroll","background-type":"","background-media":"","overlay-type":"","overlay-color":"","overlay-opacity":"","overlay-gradient":""}},"footnotes":""},"categories":[1],"tags":[],"class_list":["post-5024","post","type-post","status-publish","format-standard","has-post-thumbnail","hentry","category-sem-categoria"],"_links":{"self":[{"href":"http:\/\/cotrimadvogados.adv.br\/index.php?rest_route=\/wp\/v2\/posts\/5024","targetHints":{"allow":["GET"]}}],"collection":[{"href":"http:\/\/cotrimadvogados.adv.br\/index.php?rest_route=\/wp\/v2\/posts"}],"about":[{"href":"http:\/\/cotrimadvogados.adv.br\/index.php?rest_route=\/wp\/v2\/types\/post"}],"author":[{"embeddable":true,"href":"http:\/\/cotrimadvogados.adv.br\/index.php?rest_route=\/wp\/v2\/users\/1"}],"replies":[{"embeddable":true,"href":"http:\/\/cotrimadvogados.adv.br\/index.php?rest_route=%2Fwp%2Fv2%2Fcomments&post=5024"}],"version-history":[{"count":0,"href":"http:\/\/cotrimadvogados.adv.br\/index.php?rest_route=\/wp\/v2\/posts\/5024\/revisions"}],"wp:featuredmedia":[{"embeddable":true,"href":"http:\/\/cotrimadvogados.adv.br\/index.php?rest_route=\/wp\/v2\/media\/5025"}],"wp:attachment":[{"href":"http:\/\/cotrimadvogados.adv.br\/index.php?rest_route=%2Fwp%2Fv2%2Fmedia&parent=5024"}],"wp:term":[{"taxonomy":"category","embeddable":true,"href":"http:\/\/cotrimadvogados.adv.br\/index.php?rest_route=%2Fwp%2Fv2%2Fcategories&post=5024"},{"taxonomy":"post_tag","embeddable":true,"href":"http:\/\/cotrimadvogados.adv.br\/index.php?rest_route=%2Fwp%2Fv2%2Ftags&post=5024"}],"curies":[{"name":"wp","href":"https:\/\/api.w.org\/{rel}","templated":true}]}}