{"id":5028,"date":"2026-03-12T16:29:29","date_gmt":"2026-03-12T19:29:29","guid":{"rendered":"http:\/\/cotrimadvogados-adv-br.umbler.net\/?p=5028"},"modified":"2026-03-12T16:30:21","modified_gmt":"2026-03-12T19:30:21","slug":"processos-tributarios-bancarios-acumulam-mais-de-r1-trilhao-pela-carf","status":"publish","type":"post","link":"http:\/\/cotrimadvogados.adv.br\/?p=5028","title":{"rendered":"Processos tribut\u00e1rios banc\u00e1rios acumulam mais de R$1 trilh\u00e3o pela CARF"},"content":{"rendered":"\n<p>A quantidade de processos parados \u00e0 espera de julgamento no Conselho Administrativo de Recursos Fiscais j\u00e1 ultrapassou a marca de 1 trilh\u00e3o de reais. O levantamento divulgado pelo O Globo adiciona que o aumento se deu por conta da pandemia do novo corona v\u00edrus e a greve dos auditores da receita federal, esse \u00e9 o maior n\u00famero de processos desde 2011.<\/p>\n\n\n\n<p>O Carf \u00e9 o respons\u00e1vel por julgar casos em que o contribuinte n\u00e3o concorda com autua\u00e7\u00f5es tribut\u00e1rias. O \u00f3rg\u00e3o analisa desde discursos do IRPF at\u00e9 processos bilion\u00e1rios com nomes de multinacionais.<\/p>\n\n\n\n<p>Durante a pandemia, o Conselho Administrativo de Recursos Fiscais imp\u00f4s um teto de R$ 36 milh\u00f5es para os casos que foram levados a julgamentos, que ocorriam de maneira virtual. Esse limite foi reduzido em abril. Ao mesmo tempo, come\u00e7ou uma mobiliza\u00e7\u00e3o dos auditores fiscais pela regulamenta\u00e7\u00e3o do b\u00f4nus de efici\u00eancia, que tem levado ao adiamento das sess\u00f5es de julgamento do conselho por falta de qu\u00f3rum.<\/p>\n\n\n\n<p>A m\u00e9dia hist\u00f3rica de julgamentos parados no Carf ficava em torno de R$ 600 bilh\u00f5es.<\/p>\n\n\n\n<p>O \u00f3rg\u00e3o \u00e9 composto por 180 conselheiros (90 representantes dos contribuintes e 90 da Receita). Com a falta de qu\u00f3rum, apenas uma turma vem realizando sess\u00f5es regulares.<\/p>\n","protected":false},"excerpt":{"rendered":"<p>A quantidade de processos parados \u00e0 espera de julgamento no Conselho Administrativo de Recursos Fiscais j\u00e1 ultrapassou a marca de 1 trilh\u00e3o de reais. O levantamento divulgado pelo O Globo adiciona que o aumento se deu por conta da pandemia do novo corona v\u00edrus e a greve dos auditores da receita federal, esse \u00e9 o [&hellip;]<\/p>\n","protected":false},"author":1,"featured_media":5029,"comment_status":"closed","ping_status":"closed","sticky":false,"template":"","format":"standard","meta":{"site-sidebar-layout":"default","site-content-layout":"default","ast-site-content-layout":"default","site-content-style":"default","site-sidebar-style":"default","ast-global-header-display":"","ast-banner-title-visibility":"","ast-main-header-display":"","ast-hfb-above-header-display":"","ast-hfb-below-header-display":"","ast-hfb-mobile-header-display":"","site-post-title":"","ast-breadcrumbs-content":"","ast-featured-img":"","footer-sml-layout":"","ast-disable-related-posts":"","theme-transparent-header-meta":"default","adv-header-id-meta":"","stick-header-meta":"","header-above-stick-meta":"","header-main-stick-meta":"","header-below-stick-meta":"","astra-migrate-meta-layouts":"default","ast-page-background-enabled":"default","ast-page-background-meta":{"desktop":{"background-color":"","background-image":"","background-repeat":"repeat","background-position":"center center","background-size":"auto","background-attachment":"scroll","background-type":"","background-media":"","overlay-type":"","overlay-color":"","overlay-opacity":"","overlay-gradient":""},"tablet":{"background-color":"","background-image":"","background-repeat":"repeat","background-position":"center center","background-size":"auto","background-attachment":"scroll","background-type":"","background-media":"","overlay-type":"","overlay-color":"","overlay-opacity":"","overlay-gradient":""},"mobile":{"background-color":"","background-image":"","background-repeat":"repeat","background-position":"center center","background-size":"auto","background-attachment":"scroll","background-type":"","background-media":"","overlay-type":"","overlay-color":"","overlay-opacity":"","overlay-gradient":""}},"ast-content-background-meta":{"desktop":{"background-color":"var(--ast-global-color-5)","background-image":"","background-repeat":"repeat","background-position":"center center","background-size":"auto","background-attachment":"scroll","background-type":"","background-media":"","overlay-type":"","overlay-color":"","overlay-opacity":"","overlay-gradient":""},"tablet":{"background-color":"var(--ast-global-color-5)","background-image":"","background-repeat":"repeat","background-position":"center center","background-size":"auto","background-attachment":"scroll","background-type":"","background-media":"","overlay-type":"","overlay-color":"","overlay-opacity":"","overlay-gradient":""},"mobile":{"background-color":"var(--ast-global-color-5)","background-image":"","background-repeat":"repeat","background-position":"center center","background-size":"auto","background-attachment":"scroll","background-type":"","background-media":"","overlay-type":"","overlay-color":"","overlay-opacity":"","overlay-gradient":""}},"footnotes":""},"categories":[1],"tags":[],"class_list":["post-5028","post","type-post","status-publish","format-standard","has-post-thumbnail","hentry","category-sem-categoria"],"_links":{"self":[{"href":"http:\/\/cotrimadvogados.adv.br\/index.php?rest_route=\/wp\/v2\/posts\/5028","targetHints":{"allow":["GET"]}}],"collection":[{"href":"http:\/\/cotrimadvogados.adv.br\/index.php?rest_route=\/wp\/v2\/posts"}],"about":[{"href":"http:\/\/cotrimadvogados.adv.br\/index.php?rest_route=\/wp\/v2\/types\/post"}],"author":[{"embeddable":true,"href":"http:\/\/cotrimadvogados.adv.br\/index.php?rest_route=\/wp\/v2\/users\/1"}],"replies":[{"embeddable":true,"href":"http:\/\/cotrimadvogados.adv.br\/index.php?rest_route=%2Fwp%2Fv2%2Fcomments&post=5028"}],"version-history":[{"count":0,"href":"http:\/\/cotrimadvogados.adv.br\/index.php?rest_route=\/wp\/v2\/posts\/5028\/revisions"}],"wp:featuredmedia":[{"embeddable":true,"href":"http:\/\/cotrimadvogados.adv.br\/index.php?rest_route=\/wp\/v2\/media\/5029"}],"wp:attachment":[{"href":"http:\/\/cotrimadvogados.adv.br\/index.php?rest_route=%2Fwp%2Fv2%2Fmedia&parent=5028"}],"wp:term":[{"taxonomy":"category","embeddable":true,"href":"http:\/\/cotrimadvogados.adv.br\/index.php?rest_route=%2Fwp%2Fv2%2Fcategories&post=5028"},{"taxonomy":"post_tag","embeddable":true,"href":"http:\/\/cotrimadvogados.adv.br\/index.php?rest_route=%2Fwp%2Fv2%2Ftags&post=5028"}],"curies":[{"name":"wp","href":"https:\/\/api.w.org\/{rel}","templated":true}]}}