{"id":5032,"date":"2026-03-12T17:14:40","date_gmt":"2026-03-12T20:14:40","guid":{"rendered":"http:\/\/cotrimadvogados-adv-br.umbler.net\/?p=5032"},"modified":"2026-03-12T17:14:40","modified_gmt":"2026-03-12T20:14:40","slug":"banco-sofre-condenacao-por-emprestimos-e-contas-nao-solicitadas","status":"publish","type":"post","link":"http:\/\/cotrimadvogados.adv.br\/?p=5032","title":{"rendered":"Banco sofre condena\u00e7\u00e3o por empr\u00e9stimos e contas n\u00e3o solicitadas."},"content":{"rendered":"\n<p>O juiz de Direito Paulo de Tarsso da Silva Pinto, da 4\u00aa vara C\u00edvel de S\u00e3o Miguel Paulista\/SP, condenou um banco a indenizar cliente que teve conta aberta em seu nome e dois empr\u00e9stimos contratados sem autoriza\u00e7\u00e3o. A repara\u00e7\u00e3o por danos morais foi fixada em R$ 15 mil, al\u00e9m de R$ 4.882,22 pelos danos materiais.<\/p>\n\n\n\n<p>O autor ajuizou a\u00e7\u00e3o alegando que \u00e9 benefici\u00e1rio do INSS, tendo recebido correspond\u00eancia do referido \u00f3rg\u00e3o informando sobre a mudan\u00e7a dos seus dados banc\u00e1rios para conta mantida na financeira r\u00e9. Ele n\u00e3o conseguiu sacar seu benef\u00edcio junto ao seu banco e compareceu na ag\u00eancia do requerido, quando foi informado sobre a exist\u00eancia dois empr\u00e9stimos.<\/p>\n\n\n\n<p>Por esses motivos, requereu a proced\u00eancia dos pedidos para declarar a inexigibilidade dos empr\u00e9stimos, condenando-se o r\u00e9u na obriga\u00e7\u00e3o de fazer consistente em cancelar a conta, al\u00e9m do pagamento de indeniza\u00e7\u00e3o por dano moral.<\/p>\n\n\n\n<p>Com efeito, condenou a financeira na obriga\u00e7\u00e3o de fazer consistente em cancelar a conta corrente aberta em nome do autor; declarar a inexigibilidade do empr\u00e9stimo consignado; condenar o r\u00e9u ao pagamento de indeniza\u00e7\u00e3o por danos materiais e danos morais.&nbsp;<\/p>\n\n\n\n<p>fonte:\u00a0<a rel=\"noreferrer noopener\" target=\"_blank\" href=\"https:\/\/www.migalhas.com.br\/quentes\/370903\/banco-e-condenado-por-abertura-de-conta-e-emprestimos-nao-solicitados\">https:\/\/www.migalhas.com.br\/quentes\/370903\/banco-e-condenado-por-abertura-de-conta-e-emprestimos-nao&#8230;<\/a><\/p>\n","protected":false},"excerpt":{"rendered":"<p>O juiz de Direito Paulo de Tarsso da Silva Pinto, da 4\u00aa vara C\u00edvel de S\u00e3o Miguel Paulista\/SP, condenou um banco a indenizar cliente que teve conta aberta em seu nome e dois empr\u00e9stimos contratados sem autoriza\u00e7\u00e3o. A repara\u00e7\u00e3o por danos morais foi fixada em R$ 15 mil, al\u00e9m de R$ 4.882,22 pelos danos materiais. [&hellip;]<\/p>\n","protected":false},"author":1,"featured_media":5033,"comment_status":"closed","ping_status":"open","sticky":false,"template":"","format":"standard","meta":{"site-sidebar-layout":"default","site-content-layout":"default","ast-site-content-layout":"default","site-content-style":"default","site-sidebar-style":"default","ast-global-header-display":"","ast-banner-title-visibility":"","ast-main-header-display":"","ast-hfb-above-header-display":"","ast-hfb-below-header-display":"","ast-hfb-mobile-header-display":"","site-post-title":"","ast-breadcrumbs-content":"","ast-featured-img":"","footer-sml-layout":"","ast-disable-related-posts":"","theme-transparent-header-meta":"default","adv-header-id-meta":"","stick-header-meta":"","header-above-stick-meta":"","header-main-stick-meta":"","header-below-stick-meta":"","astra-migrate-meta-layouts":"default","ast-page-background-enabled":"default","ast-page-background-meta":{"desktop":{"background-color":"","background-image":"","background-repeat":"repeat","background-position":"center center","background-size":"auto","background-attachment":"scroll","background-type":"","background-media":"","overlay-type":"","overlay-color":"","overlay-opacity":"","overlay-gradient":""},"tablet":{"background-color":"","background-image":"","background-repeat":"repeat","background-position":"center center","background-size":"auto","background-attachment":"scroll","background-type":"","background-media":"","overlay-type":"","overlay-color":"","overlay-opacity":"","overlay-gradient":""},"mobile":{"background-color":"","background-image":"","background-repeat":"repeat","background-position":"center center","background-size":"auto","background-attachment":"scroll","background-type":"","background-media":"","overlay-type":"","overlay-color":"","overlay-opacity":"","overlay-gradient":""}},"ast-content-background-meta":{"desktop":{"background-color":"var(--ast-global-color-5)","background-image":"","background-repeat":"repeat","background-position":"center center","background-size":"auto","background-attachment":"scroll","background-type":"","background-media":"","overlay-type":"","overlay-color":"","overlay-opacity":"","overlay-gradient":""},"tablet":{"background-color":"var(--ast-global-color-5)","background-image":"","background-repeat":"repeat","background-position":"center center","background-size":"auto","background-attachment":"scroll","background-type":"","background-media":"","overlay-type":"","overlay-color":"","overlay-opacity":"","overlay-gradient":""},"mobile":{"background-color":"var(--ast-global-color-5)","background-image":"","background-repeat":"repeat","background-position":"center center","background-size":"auto","background-attachment":"scroll","background-type":"","background-media":"","overlay-type":"","overlay-color":"","overlay-opacity":"","overlay-gradient":""}},"footnotes":""},"categories":[13,1],"tags":[],"class_list":["post-5032","post","type-post","status-publish","format-standard","has-post-thumbnail","hentry","category-direito-empresarial","category-sem-categoria"],"_links":{"self":[{"href":"http:\/\/cotrimadvogados.adv.br\/index.php?rest_route=\/wp\/v2\/posts\/5032","targetHints":{"allow":["GET"]}}],"collection":[{"href":"http:\/\/cotrimadvogados.adv.br\/index.php?rest_route=\/wp\/v2\/posts"}],"about":[{"href":"http:\/\/cotrimadvogados.adv.br\/index.php?rest_route=\/wp\/v2\/types\/post"}],"author":[{"embeddable":true,"href":"http:\/\/cotrimadvogados.adv.br\/index.php?rest_route=\/wp\/v2\/users\/1"}],"replies":[{"embeddable":true,"href":"http:\/\/cotrimadvogados.adv.br\/index.php?rest_route=%2Fwp%2Fv2%2Fcomments&post=5032"}],"version-history":[{"count":0,"href":"http:\/\/cotrimadvogados.adv.br\/index.php?rest_route=\/wp\/v2\/posts\/5032\/revisions"}],"wp:featuredmedia":[{"embeddable":true,"href":"http:\/\/cotrimadvogados.adv.br\/index.php?rest_route=\/wp\/v2\/media\/5033"}],"wp:attachment":[{"href":"http:\/\/cotrimadvogados.adv.br\/index.php?rest_route=%2Fwp%2Fv2%2Fmedia&parent=5032"}],"wp:term":[{"taxonomy":"category","embeddable":true,"href":"http:\/\/cotrimadvogados.adv.br\/index.php?rest_route=%2Fwp%2Fv2%2Fcategories&post=5032"},{"taxonomy":"post_tag","embeddable":true,"href":"http:\/\/cotrimadvogados.adv.br\/index.php?rest_route=%2Fwp%2Fv2%2Ftags&post=5032"}],"curies":[{"name":"wp","href":"https:\/\/api.w.org\/{rel}","templated":true}]}}