{"id":5035,"date":"2026-03-12T17:14:40","date_gmt":"2026-03-12T20:14:40","guid":{"rendered":"http:\/\/cotrimadvogados-adv-br.umbler.net\/?p=5035"},"modified":"2026-03-12T17:14:40","modified_gmt":"2026-03-12T20:14:40","slug":"ampla-defesa-e-inviabilizada-pos-acusacao-generica-pelo-tribunal-de-justica-do-pr","status":"publish","type":"post","link":"http:\/\/cotrimadvogados.adv.br\/?p=5035","title":{"rendered":"Ampla defesa \u00e9 inviabilizada p\u00f3s acusa\u00e7\u00e3o gen\u00e9rica pelo Tribunal de Justi\u00e7a do PR"},"content":{"rendered":"\n<p>A den\u00fancia que atribui conduta delitiva de forma gen\u00e9rica para denunciados inviabiliza o exerc\u00edcio do direito de defesa. Este foi o entendimento da 2\u00aa Vara C\u00e2mara do Tribunal de Justi\u00e7a do Paran\u00e1, onde por maioria, determinou-se o trancamento de a\u00e7\u00e3o penal por in\u00e9pcia da den\u00fancia e aus\u00eancia de justa causa.<\/p>\n\n\n\n<p>O caso envolve 11 diretores executivos que foram denunciados por fraude tribut\u00e1ria. Segundo o Minist\u00e9rio P\u00fablico do Paran\u00e1, eles seriam respons\u00e1veis pela supress\u00e3o e redu\u00e7\u00e3o do pagamento de ICMS sobre determinadas opera\u00e7\u00f5es de venda.<\/p>\n\n\n\n<p>O relator, juiz Francisco Cardozo Oliveira, considerou que a den\u00fancia atribuiu de forma gen\u00e9rica os fatos aos denunciados, de modo que a aus\u00eancia de individualiza\u00e7\u00e3o da conduta atribu\u00edda a cada um deles inviabilizou o direito de defesa.<\/p>\n\n\n\n<p>Fonte:<a target=\"_blank\" rel=\"noreferrer noopener\" href=\"https:\/\/www.conjur.com.br\/2022-ago-03\/justica-determina-acusacao-generica-inviabiliza-ampla-defesa\">https:\/\/www.conjur.com.br\/2022-ago-03\/justica-determina-acusacao-generica-inviabiliza-ampla-defesa<\/a><\/p>\n\n\n\n<p>#CotrimAdvogados #Direito #Recupera\u00e7\u00e3oJudicial #Concordata #DireitoEmpresarial #ArbitragemCartorial #Acusa\u00e7\u00e3oGenerica #TribunaldeJustica #PR<\/p>\n","protected":false},"excerpt":{"rendered":"<p>A den\u00fancia que atribui conduta delitiva de forma gen\u00e9rica para denunciados inviabiliza o exerc\u00edcio do direito de defesa. Este foi o entendimento da 2\u00aa Vara C\u00e2mara do Tribunal de Justi\u00e7a do Paran\u00e1, onde por maioria, determinou-se o trancamento de a\u00e7\u00e3o penal por in\u00e9pcia da den\u00fancia e aus\u00eancia de justa causa. O caso envolve 11 diretores [&hellip;]<\/p>\n","protected":false},"author":1,"featured_media":5036,"comment_status":"closed","ping_status":"open","sticky":false,"template":"","format":"standard","meta":{"site-sidebar-layout":"default","site-content-layout":"default","ast-site-content-layout":"default","site-content-style":"default","site-sidebar-style":"default","ast-global-header-display":"","ast-banner-title-visibility":"","ast-main-header-display":"","ast-hfb-above-header-display":"","ast-hfb-below-header-display":"","ast-hfb-mobile-header-display":"","site-post-title":"","ast-breadcrumbs-content":"","ast-featured-img":"","footer-sml-layout":"","ast-disable-related-posts":"","theme-transparent-header-meta":"default","adv-header-id-meta":"","stick-header-meta":"","header-above-stick-meta":"","header-main-stick-meta":"","header-below-stick-meta":"","astra-migrate-meta-layouts":"default","ast-page-background-enabled":"default","ast-page-background-meta":{"desktop":{"background-color":"","background-image":"","background-repeat":"repeat","background-position":"center center","background-size":"auto","background-attachment":"scroll","background-type":"","background-media":"","overlay-type":"","overlay-color":"","overlay-opacity":"","overlay-gradient":""},"tablet":{"background-color":"","background-image":"","background-repeat":"repeat","background-position":"center center","background-size":"auto","background-attachment":"scroll","background-type":"","background-media":"","overlay-type":"","overlay-color":"","overlay-opacity":"","overlay-gradient":""},"mobile":{"background-color":"","background-image":"","background-repeat":"repeat","background-position":"center center","background-size":"auto","background-attachment":"scroll","background-type":"","background-media":"","overlay-type":"","overlay-color":"","overlay-opacity":"","overlay-gradient":""}},"ast-content-background-meta":{"desktop":{"background-color":"var(--ast-global-color-5)","background-image":"","background-repeat":"repeat","background-position":"center center","background-size":"auto","background-attachment":"scroll","background-type":"","background-media":"","overlay-type":"","overlay-color":"","overlay-opacity":"","overlay-gradient":""},"tablet":{"background-color":"var(--ast-global-color-5)","background-image":"","background-repeat":"repeat","background-position":"center center","background-size":"auto","background-attachment":"scroll","background-type":"","background-media":"","overlay-type":"","overlay-color":"","overlay-opacity":"","overlay-gradient":""},"mobile":{"background-color":"var(--ast-global-color-5)","background-image":"","background-repeat":"repeat","background-position":"center center","background-size":"auto","background-attachment":"scroll","background-type":"","background-media":"","overlay-type":"","overlay-color":"","overlay-opacity":"","overlay-gradient":""}},"footnotes":""},"categories":[13,1],"tags":[],"class_list":["post-5035","post","type-post","status-publish","format-standard","has-post-thumbnail","hentry","category-direito-empresarial","category-sem-categoria"],"_links":{"self":[{"href":"http:\/\/cotrimadvogados.adv.br\/index.php?rest_route=\/wp\/v2\/posts\/5035","targetHints":{"allow":["GET"]}}],"collection":[{"href":"http:\/\/cotrimadvogados.adv.br\/index.php?rest_route=\/wp\/v2\/posts"}],"about":[{"href":"http:\/\/cotrimadvogados.adv.br\/index.php?rest_route=\/wp\/v2\/types\/post"}],"author":[{"embeddable":true,"href":"http:\/\/cotrimadvogados.adv.br\/index.php?rest_route=\/wp\/v2\/users\/1"}],"replies":[{"embeddable":true,"href":"http:\/\/cotrimadvogados.adv.br\/index.php?rest_route=%2Fwp%2Fv2%2Fcomments&post=5035"}],"version-history":[{"count":0,"href":"http:\/\/cotrimadvogados.adv.br\/index.php?rest_route=\/wp\/v2\/posts\/5035\/revisions"}],"wp:featuredmedia":[{"embeddable":true,"href":"http:\/\/cotrimadvogados.adv.br\/index.php?rest_route=\/wp\/v2\/media\/5036"}],"wp:attachment":[{"href":"http:\/\/cotrimadvogados.adv.br\/index.php?rest_route=%2Fwp%2Fv2%2Fmedia&parent=5035"}],"wp:term":[{"taxonomy":"category","embeddable":true,"href":"http:\/\/cotrimadvogados.adv.br\/index.php?rest_route=%2Fwp%2Fv2%2Fcategories&post=5035"},{"taxonomy":"post_tag","embeddable":true,"href":"http:\/\/cotrimadvogados.adv.br\/index.php?rest_route=%2Fwp%2Fv2%2Ftags&post=5035"}],"curies":[{"name":"wp","href":"https:\/\/api.w.org\/{rel}","templated":true}]}}