{"id":5040,"date":"2026-03-12T17:14:36","date_gmt":"2026-03-12T20:14:36","guid":{"rendered":"http:\/\/cotrimadvogados-adv-br.umbler.net\/?p=5040"},"modified":"2026-03-12T17:14:36","modified_gmt":"2026-03-12T20:14:36","slug":"despejos-e-desocupacoes-aqui-nao","status":"publish","type":"post","link":"http:\/\/cotrimadvogados.adv.br\/?p=5040","title":{"rendered":"Despejos e desocupa\u00e7\u00f5es? Aqui n\u00e3o!"},"content":{"rendered":"\n<p>STF confirma que despejos e desocupa\u00e7\u00f5es est\u00e3o suspens<\/p>\n\n\n\n<p>Por maioria de votos, o Plen\u00e1rio do Supremo Tribunal Federal confirmou a liminar concedida em junho deste ano pelo ministro Lu\u00eds Roberto Barroso, desta forma, os despejos e desocupa\u00e7\u00f5es est\u00e3o suspensos at\u00e9 31\/10\/2022, em raz\u00e3o da pandemia da Covid-19.<\/p>\n\n\n\n<p>Barroso destacou a necessidade de estender por mais quatro meses os direitos assegurados pela Lei 14.216\/2021, a suspens\u00e3o tempor\u00e1ria de desocupa\u00e7\u00f5es e despejos abrange inclusive para as \u00e1reas rurais, de forma a evitar qualquer superposi\u00e7\u00e3o com o per\u00edodo eleitoral.<\/p>\n\n\n\n<p>A corrente majorit\u00e1ria acompanhou o entendimento de resguardar o direito \u00e0 moradia e \u00e0 sa\u00fade de pessoas vulner\u00e1veis, haja vista a nova alta de casos e mortes por Covid-19 em junho. Em seu voto, Barroso ressaltou que, assim como o direito \u00e0 moradia, o direito \u00e0 propriedade tamb\u00e9m \u00e9 assegurado constitucionalmente e, por isso, a suspens\u00e3o de despejos e desocupa\u00e7\u00f5es n\u00e3o deve se estender indefinidamente.<\/p>\n\n\n\n<p>Ressaltou que quando se esgotar a atua\u00e7\u00e3o do STF sobre a mat\u00e9ria, ser\u00e1 preciso preparar um regime de transi\u00e7\u00e3o para a retomada progressiva das reintegra\u00e7\u00f5es de posse, \u201ccom o pleno respeito \u00e0 dignidade das fam\u00edlias desapossadas\u201d, a fim de evitar o risco de convuls\u00e3o social decorrente da execu\u00e7\u00e3o simult\u00e2nea de milhares de ordens de despejo, envolvendo centenas de milhares de fam\u00edlias vulner\u00e1veis.<\/p>\n\n\n\n<p><\/p>\n","protected":false},"excerpt":{"rendered":"<p>STF confirma que despejos e desocupa\u00e7\u00f5es est\u00e3o suspens Por maioria de votos, o Plen\u00e1rio do Supremo Tribunal Federal confirmou a liminar concedida em junho deste ano pelo ministro Lu\u00eds Roberto Barroso, desta forma, os despejos e desocupa\u00e7\u00f5es est\u00e3o suspensos at\u00e9 31\/10\/2022, em raz\u00e3o da pandemia da Covid-19. Barroso destacou a necessidade de estender por mais [&hellip;]<\/p>\n","protected":false},"author":1,"featured_media":5041,"comment_status":"closed","ping_status":"open","sticky":false,"template":"","format":"standard","meta":{"site-sidebar-layout":"default","site-content-layout":"default","ast-site-content-layout":"default","site-content-style":"default","site-sidebar-style":"default","ast-global-header-display":"","ast-banner-title-visibility":"","ast-main-header-display":"","ast-hfb-above-header-display":"","ast-hfb-below-header-display":"","ast-hfb-mobile-header-display":"","site-post-title":"","ast-breadcrumbs-content":"","ast-featured-img":"","footer-sml-layout":"","ast-disable-related-posts":"","theme-transparent-header-meta":"default","adv-header-id-meta":"","stick-header-meta":"","header-above-stick-meta":"","header-main-stick-meta":"","header-below-stick-meta":"","astra-migrate-meta-layouts":"default","ast-page-background-enabled":"default","ast-page-background-meta":{"desktop":{"background-color":"","background-image":"","background-repeat":"repeat","background-position":"center center","background-size":"auto","background-attachment":"scroll","background-type":"","background-media":"","overlay-type":"","overlay-color":"","overlay-opacity":"","overlay-gradient":""},"tablet":{"background-color":"","background-image":"","background-repeat":"repeat","background-position":"center center","background-size":"auto","background-attachment":"scroll","background-type":"","background-media":"","overlay-type":"","overlay-color":"","overlay-opacity":"","overlay-gradient":""},"mobile":{"background-color":"","background-image":"","background-repeat":"repeat","background-position":"center center","background-size":"auto","background-attachment":"scroll","background-type":"","background-media":"","overlay-type":"","overlay-color":"","overlay-opacity":"","overlay-gradient":""}},"ast-content-background-meta":{"desktop":{"background-color":"var(--ast-global-color-5)","background-image":"","background-repeat":"repeat","background-position":"center center","background-size":"auto","background-attachment":"scroll","background-type":"","background-media":"","overlay-type":"","overlay-color":"","overlay-opacity":"","overlay-gradient":""},"tablet":{"background-color":"var(--ast-global-color-5)","background-image":"","background-repeat":"repeat","background-position":"center center","background-size":"auto","background-attachment":"scroll","background-type":"","background-media":"","overlay-type":"","overlay-color":"","overlay-opacity":"","overlay-gradient":""},"mobile":{"background-color":"var(--ast-global-color-5)","background-image":"","background-repeat":"repeat","background-position":"center center","background-size":"auto","background-attachment":"scroll","background-type":"","background-media":"","overlay-type":"","overlay-color":"","overlay-opacity":"","overlay-gradient":""}},"footnotes":""},"categories":[13,1],"tags":[],"class_list":["post-5040","post","type-post","status-publish","format-standard","has-post-thumbnail","hentry","category-direito-empresarial","category-sem-categoria"],"_links":{"self":[{"href":"http:\/\/cotrimadvogados.adv.br\/index.php?rest_route=\/wp\/v2\/posts\/5040","targetHints":{"allow":["GET"]}}],"collection":[{"href":"http:\/\/cotrimadvogados.adv.br\/index.php?rest_route=\/wp\/v2\/posts"}],"about":[{"href":"http:\/\/cotrimadvogados.adv.br\/index.php?rest_route=\/wp\/v2\/types\/post"}],"author":[{"embeddable":true,"href":"http:\/\/cotrimadvogados.adv.br\/index.php?rest_route=\/wp\/v2\/users\/1"}],"replies":[{"embeddable":true,"href":"http:\/\/cotrimadvogados.adv.br\/index.php?rest_route=%2Fwp%2Fv2%2Fcomments&post=5040"}],"version-history":[{"count":0,"href":"http:\/\/cotrimadvogados.adv.br\/index.php?rest_route=\/wp\/v2\/posts\/5040\/revisions"}],"wp:featuredmedia":[{"embeddable":true,"href":"http:\/\/cotrimadvogados.adv.br\/index.php?rest_route=\/wp\/v2\/media\/5041"}],"wp:attachment":[{"href":"http:\/\/cotrimadvogados.adv.br\/index.php?rest_route=%2Fwp%2Fv2%2Fmedia&parent=5040"}],"wp:term":[{"taxonomy":"category","embeddable":true,"href":"http:\/\/cotrimadvogados.adv.br\/index.php?rest_route=%2Fwp%2Fv2%2Fcategories&post=5040"},{"taxonomy":"post_tag","embeddable":true,"href":"http:\/\/cotrimadvogados.adv.br\/index.php?rest_route=%2Fwp%2Fv2%2Ftags&post=5040"}],"curies":[{"name":"wp","href":"https:\/\/api.w.org\/{rel}","templated":true}]}}