{"id":5082,"date":"2026-03-12T16:29:34","date_gmt":"2026-03-12T19:29:34","guid":{"rendered":"http:\/\/cotrimadvogados-adv-br.umbler.net\/?p=5082"},"modified":"2026-03-12T16:30:26","modified_gmt":"2026-03-12T19:30:26","slug":"falha-tecnica-em-videoconferencia-gera-nulidade-de-audiencia","status":"publish","type":"post","link":"http:\/\/cotrimadvogados.adv.br\/?p=5082","title":{"rendered":"Falha t\u00e9cnica em videoconfer\u00eancia gera nulidade de audi\u00eancia"},"content":{"rendered":"\n<p>Falhas t\u00e9cnicas em videoconfer\u00eancia podem gerar preju\u00edzo na coleta de depoimento durante audi\u00eancia. Este foi o entendimento da 3\u00aa Turma do Tribunal Regional do Trabalho da 18\u00aa Regi\u00e3o (GO), que por unanimidade, declarou a nulidade de uma audi\u00eancia de instru\u00e7\u00e3o e determinou o retorno dos autos \u00e0 vara de origem para reabertura da instru\u00e7\u00e3o e por conseguinte, proferimento de nova decis\u00e3o.<\/p>\n\n\n\n<p>Em recurso, o trabalhador pleiteou a reforma da senten\u00e7a de primeiro grau, sob o fundamento de que o magistrado teve dificuldade t\u00e9cnica para ouvi-lo com clareza, e por este motivo, \u201cautocompletou\u201d as suas respostas, fato este que fez com que o trabalhador registrasse em ata n\u00e3o serem as interpreta\u00e7\u00f5es do ju\u00edzo condizentes com o verdadeiro depoimento.<\/p>\n\n\n\n<p>A desembargadora e relatora constatou que ocorreram dificuldades t\u00e9cnicas durante a videoconfer\u00eancia, diversas falhas na comunica\u00e7\u00e3o entre o juiz e o autor e v\u00e1rias respostas inaud\u00edveis, o que impediu a verifica\u00e7\u00e3o de quais foram as respostas dadas pelo demandante em rela\u00e7\u00e3o \u00e0s perguntas iniciais do magistrado, fato este que culminou na nulidade na coleta do depoimento.<\/p>\n\n\n\n<p>Fonte: ConJur<\/p>\n","protected":false},"excerpt":{"rendered":"<p>Falhas t\u00e9cnicas em videoconfer\u00eancia podem gerar preju\u00edzo na coleta de depoimento durante audi\u00eancia. Este foi o entendimento da 3\u00aa Turma do Tribunal Regional do Trabalho da 18\u00aa Regi\u00e3o (GO), que por unanimidade, declarou a nulidade de uma audi\u00eancia de instru\u00e7\u00e3o e determinou o retorno dos autos \u00e0 vara de origem para reabertura da instru\u00e7\u00e3o e [&hellip;]<\/p>\n","protected":false},"author":1,"featured_media":5083,"comment_status":"closed","ping_status":"closed","sticky":false,"template":"","format":"standard","meta":{"site-sidebar-layout":"default","site-content-layout":"default","ast-site-content-layout":"default","site-content-style":"default","site-sidebar-style":"default","ast-global-header-display":"","ast-banner-title-visibility":"","ast-main-header-display":"","ast-hfb-above-header-display":"","ast-hfb-below-header-display":"","ast-hfb-mobile-header-display":"","site-post-title":"","ast-breadcrumbs-content":"","ast-featured-img":"","footer-sml-layout":"","ast-disable-related-posts":"","theme-transparent-header-meta":"default","adv-header-id-meta":"","stick-header-meta":"","header-above-stick-meta":"","header-main-stick-meta":"","header-below-stick-meta":"","astra-migrate-meta-layouts":"default","ast-page-background-enabled":"default","ast-page-background-meta":{"desktop":{"background-color":"","background-image":"","background-repeat":"repeat","background-position":"center center","background-size":"auto","background-attachment":"scroll","background-type":"","background-media":"","overlay-type":"","overlay-color":"","overlay-opacity":"","overlay-gradient":""},"tablet":{"background-color":"","background-image":"","background-repeat":"repeat","background-position":"center center","background-size":"auto","background-attachment":"scroll","background-type":"","background-media":"","overlay-type":"","overlay-color":"","overlay-opacity":"","overlay-gradient":""},"mobile":{"background-color":"","background-image":"","background-repeat":"repeat","background-position":"center center","background-size":"auto","background-attachment":"scroll","background-type":"","background-media":"","overlay-type":"","overlay-color":"","overlay-opacity":"","overlay-gradient":""}},"ast-content-background-meta":{"desktop":{"background-color":"var(--ast-global-color-5)","background-image":"","background-repeat":"repeat","background-position":"center center","background-size":"auto","background-attachment":"scroll","background-type":"","background-media":"","overlay-type":"","overlay-color":"","overlay-opacity":"","overlay-gradient":""},"tablet":{"background-color":"var(--ast-global-color-5)","background-image":"","background-repeat":"repeat","background-position":"center center","background-size":"auto","background-attachment":"scroll","background-type":"","background-media":"","overlay-type":"","overlay-color":"","overlay-opacity":"","overlay-gradient":""},"mobile":{"background-color":"var(--ast-global-color-5)","background-image":"","background-repeat":"repeat","background-position":"center center","background-size":"auto","background-attachment":"scroll","background-type":"","background-media":"","overlay-type":"","overlay-color":"","overlay-opacity":"","overlay-gradient":""}},"footnotes":""},"categories":[1],"tags":[16,19],"class_list":["post-5082","post","type-post","status-publish","format-standard","has-post-thumbnail","hentry","category-sem-categoria","tag-advogado","tag-audiencia"],"_links":{"self":[{"href":"http:\/\/cotrimadvogados.adv.br\/index.php?rest_route=\/wp\/v2\/posts\/5082","targetHints":{"allow":["GET"]}}],"collection":[{"href":"http:\/\/cotrimadvogados.adv.br\/index.php?rest_route=\/wp\/v2\/posts"}],"about":[{"href":"http:\/\/cotrimadvogados.adv.br\/index.php?rest_route=\/wp\/v2\/types\/post"}],"author":[{"embeddable":true,"href":"http:\/\/cotrimadvogados.adv.br\/index.php?rest_route=\/wp\/v2\/users\/1"}],"replies":[{"embeddable":true,"href":"http:\/\/cotrimadvogados.adv.br\/index.php?rest_route=%2Fwp%2Fv2%2Fcomments&post=5082"}],"version-history":[{"count":0,"href":"http:\/\/cotrimadvogados.adv.br\/index.php?rest_route=\/wp\/v2\/posts\/5082\/revisions"}],"wp:featuredmedia":[{"embeddable":true,"href":"http:\/\/cotrimadvogados.adv.br\/index.php?rest_route=\/wp\/v2\/media\/5083"}],"wp:attachment":[{"href":"http:\/\/cotrimadvogados.adv.br\/index.php?rest_route=%2Fwp%2Fv2%2Fmedia&parent=5082"}],"wp:term":[{"taxonomy":"category","embeddable":true,"href":"http:\/\/cotrimadvogados.adv.br\/index.php?rest_route=%2Fwp%2Fv2%2Fcategories&post=5082"},{"taxonomy":"post_tag","embeddable":true,"href":"http:\/\/cotrimadvogados.adv.br\/index.php?rest_route=%2Fwp%2Fv2%2Ftags&post=5082"}],"curies":[{"name":"wp","href":"https:\/\/api.w.org\/{rel}","templated":true}]}}