{"id":5085,"date":"2026-03-12T16:29:31","date_gmt":"2026-03-12T19:29:31","guid":{"rendered":"http:\/\/cotrimadvogados-adv-br.umbler.net\/?p=5085"},"modified":"2026-03-12T16:30:22","modified_gmt":"2026-03-12T19:30:22","slug":"o-uso-e-titular","status":"publish","type":"post","link":"http:\/\/cotrimadvogados.adv.br\/?p=5085","title":{"rendered":"O uso \u00e9 pelo titular!"},"content":{"rendered":"\n<p>Justi\u00e7a do trabalho decide que uso de vale-transporte por quem n\u00e3o \u00e9 o titular pode levar a demiss\u00e3o por justa causa<\/p>\n\n\n\n<p>O Tribunal Regional do Trabalho da 1\u00aa Regi\u00e3o (TRT-RJ) decidiu que o trabalhador que permitir que seu vale-transporte seja usado por outra pessoa pode ser demitido por justa causa. A conduta \u00e9 configurada como \u201cfalta grave\u201d que n\u00e3o pode ser ignorada sob a alega\u00e7\u00e3o de desconhecimento de irregularidade por parte do empregado.<br>O entendimento surgiu a partir da a\u00e7\u00e3o de um trabalhador que entrou com um processo na Justi\u00e7a ap\u00f3s ser demitido por justa causa por suposto uso indevido do benef\u00edcio. Foi pedido para que a dispensa fosse revertida, argumentando que a demiss\u00e3o foi desproporcional ao erro e que n\u00e3o houve aplica\u00e7\u00e3o gradual da pena.<br>A empresa sustentou que o ex-funcion\u00e1rio cometeu ato de improbidade ao fornecer seu RioCard para outras pessoas, bem como constatou que haviam diverg\u00eancias entre as utiliza\u00e7\u00f5es e a jornada do trabalhador.<br>Em primeira inst\u00e2ncia, o magistrado da 5\u00aa Vara do Trabalho de Duque de Caxias negou o pedido do trabalhador, bem como concluiu que o mesmo possu\u00eda ci\u00eancia da finalidade do vale-transporte, que por sua vez \u00e9 destinado ao deslocamento resid\u00eancia-trabalho-resid\u00eancia.<br>Inconformado, o trabalhador recorreu da senten\u00e7a de primeiro grau, no entanto, n\u00e3o obteve \u00eaxito, haja vista que os desembargadores acompanharam de maneira un\u00e2nime o voto do relator, juiz do Trabalho Jos\u00e9 Monteiro Lopes, que manteve a decis\u00e3o do juiz de primeira inst\u00e2ncia.<\/p>\n\n\n\n<p>Fonte: Jornal Extra<\/p>\n\n\n\n<figure class=\"wp-block-embed\"><div class=\"wp-block-embed__wrapper\">\nhttps:\/\/extra.globo.com\/economia-e-financas\/emprego\/justica-do-trabalho-decide-que-uso-de-vale-trans&#8230;\n<\/div><\/figure>\n","protected":false},"excerpt":{"rendered":"<p>Justi\u00e7a do trabalho decide que uso de vale-transporte por quem n\u00e3o \u00e9 o titular pode levar a demiss\u00e3o por justa causa O Tribunal Regional do Trabalho da 1\u00aa Regi\u00e3o (TRT-RJ) decidiu que o trabalhador que permitir que seu vale-transporte seja usado por outra pessoa pode ser demitido por justa causa. A conduta \u00e9 configurada como [&hellip;]<\/p>\n","protected":false},"author":1,"featured_media":5090,"comment_status":"closed","ping_status":"closed","sticky":false,"template":"","format":"standard","meta":{"site-sidebar-layout":"default","site-content-layout":"default","ast-site-content-layout":"default","site-content-style":"default","site-sidebar-style":"default","ast-global-header-display":"","ast-banner-title-visibility":"","ast-main-header-display":"","ast-hfb-above-header-display":"","ast-hfb-below-header-display":"","ast-hfb-mobile-header-display":"","site-post-title":"","ast-breadcrumbs-content":"","ast-featured-img":"","footer-sml-layout":"","ast-disable-related-posts":"","theme-transparent-header-meta":"default","adv-header-id-meta":"","stick-header-meta":"","header-above-stick-meta":"","header-main-stick-meta":"","header-below-stick-meta":"","astra-migrate-meta-layouts":"default","ast-page-background-enabled":"default","ast-page-background-meta":{"desktop":{"background-color":"","background-image":"","background-repeat":"repeat","background-position":"center center","background-size":"auto","background-attachment":"scroll","background-type":"","background-media":"","overlay-type":"","overlay-color":"","overlay-opacity":"","overlay-gradient":""},"tablet":{"background-color":"","background-image":"","background-repeat":"repeat","background-position":"center center","background-size":"auto","background-attachment":"scroll","background-type":"","background-media":"","overlay-type":"","overlay-color":"","overlay-opacity":"","overlay-gradient":""},"mobile":{"background-color":"","background-image":"","background-repeat":"repeat","background-position":"center center","background-size":"auto","background-attachment":"scroll","background-type":"","background-media":"","overlay-type":"","overlay-color":"","overlay-opacity":"","overlay-gradient":""}},"ast-content-background-meta":{"desktop":{"background-color":"var(--ast-global-color-5)","background-image":"","background-repeat":"repeat","background-position":"center center","background-size":"auto","background-attachment":"scroll","background-type":"","background-media":"","overlay-type":"","overlay-color":"","overlay-opacity":"","overlay-gradient":""},"tablet":{"background-color":"var(--ast-global-color-5)","background-image":"","background-repeat":"repeat","background-position":"center center","background-size":"auto","background-attachment":"scroll","background-type":"","background-media":"","overlay-type":"","overlay-color":"","overlay-opacity":"","overlay-gradient":""},"mobile":{"background-color":"var(--ast-global-color-5)","background-image":"","background-repeat":"repeat","background-position":"center center","background-size":"auto","background-attachment":"scroll","background-type":"","background-media":"","overlay-type":"","overlay-color":"","overlay-opacity":"","overlay-gradient":""}},"footnotes":""},"categories":[1],"tags":[],"class_list":["post-5085","post","type-post","status-publish","format-standard","has-post-thumbnail","hentry","category-sem-categoria"],"_links":{"self":[{"href":"http:\/\/cotrimadvogados.adv.br\/index.php?rest_route=\/wp\/v2\/posts\/5085","targetHints":{"allow":["GET"]}}],"collection":[{"href":"http:\/\/cotrimadvogados.adv.br\/index.php?rest_route=\/wp\/v2\/posts"}],"about":[{"href":"http:\/\/cotrimadvogados.adv.br\/index.php?rest_route=\/wp\/v2\/types\/post"}],"author":[{"embeddable":true,"href":"http:\/\/cotrimadvogados.adv.br\/index.php?rest_route=\/wp\/v2\/users\/1"}],"replies":[{"embeddable":true,"href":"http:\/\/cotrimadvogados.adv.br\/index.php?rest_route=%2Fwp%2Fv2%2Fcomments&post=5085"}],"version-history":[{"count":0,"href":"http:\/\/cotrimadvogados.adv.br\/index.php?rest_route=\/wp\/v2\/posts\/5085\/revisions"}],"wp:featuredmedia":[{"embeddable":true,"href":"http:\/\/cotrimadvogados.adv.br\/index.php?rest_route=\/wp\/v2\/media\/5090"}],"wp:attachment":[{"href":"http:\/\/cotrimadvogados.adv.br\/index.php?rest_route=%2Fwp%2Fv2%2Fmedia&parent=5085"}],"wp:term":[{"taxonomy":"category","embeddable":true,"href":"http:\/\/cotrimadvogados.adv.br\/index.php?rest_route=%2Fwp%2Fv2%2Fcategories&post=5085"},{"taxonomy":"post_tag","embeddable":true,"href":"http:\/\/cotrimadvogados.adv.br\/index.php?rest_route=%2Fwp%2Fv2%2Ftags&post=5085"}],"curies":[{"name":"wp","href":"https:\/\/api.w.org\/{rel}","templated":true}]}}