{"id":5103,"date":"2026-03-12T16:29:29","date_gmt":"2026-03-12T19:29:29","guid":{"rendered":"http:\/\/cotrimadvogados-adv-br.umbler.net\/?p=5103"},"modified":"2026-03-12T16:30:21","modified_gmt":"2026-03-12T19:30:21","slug":"pulando-etapas","status":"publish","type":"post","link":"http:\/\/cotrimadvogados.adv.br\/?p=5103","title":{"rendered":"Pulando etapas"},"content":{"rendered":"\n<p>O \u00d3rg\u00e3o Especial do Tribunal de Justi\u00e7a do Estado de Goi\u00e1s fixou, por unanimidade de votos, a tese jur\u00eddica de que alunos do \u00faltimo ano do ensino m\u00e9dio poder\u00e3o ingressar em cursos de gradua\u00e7\u00e3o superior desde que comprovem, ao final do ano letivo, que conclu\u00edram o ensino m\u00e9dio.<\/p>\n\n\n\n<p>No caso, um estudante do terceiro ano do ensino m\u00e9dio foi aprovado no vestibular para o curso de administra\u00e7\u00e3o de uma universidade privada. No entanto, foi impedido de se matricular por ainda n\u00e3o ter conclu\u00eddo o colegial.<\/p>\n\n\n\n<p>O relator do recurso considerou que, nos dias atuais, diante da revolu\u00e7\u00e3o tecnol\u00f3gica e acessibilidade de informa\u00e7\u00e3o, \u201cos alunos conseguem se desenvolver mais rapidamente, adquirindo conhecimentos necess\u00e1rios \u00e0 vida acad\u00eamica cada vez mais cedo, n\u00e3o podendo o Poder Judici\u00e1rio ficar alheio a tamanha evolu\u00e7\u00e3o\u201d.<\/p>\n\n\n\n<p>Dessa forma, o ingresso do discente em curso superior, ap\u00f3s pr\u00e9via aprova\u00e7\u00e3o em processo seletivo e em fase final de conclus\u00e3o do ensino m\u00e9dio, \u00e9 perfeitamente aceit\u00e1vel, posto que reunidos os requisitos necess\u00e1rios \u00e0 plena forma\u00e7\u00e3o acad\u00eamica.<\/p>\n\n\n\n<p>Foi dada a autoriza\u00e7\u00e3o do ingresso de aluno em curso de gradua\u00e7\u00e3o sem a conclus\u00e3o definitiva do ensino m\u00e9dio, desde que cursando o terceiro ano deste \u00faltimo curso, devendo comprovar ao final do ano letivo, a conclus\u00e3o do ensino m\u00e9dio, sob pena de perda de matr\u00edcula e, consequentemente, do ano letivo cursado junto \u00e0 institui\u00e7\u00e3o de ensino superior.<\/p>\n\n\n\n<p>Fonte: ConJur<\/p>\n\n\n\n<p><a href=\"https:\/\/www.conjur.com.br\/2022-out-03\/aluno-cursar-faculdade-antes-fim-ensino-medio-tj-go\">https:\/\/www.conjur.com.br\/2022-out-03\/aluno-cursar-faculdade-antes-fim-ensino-medio-tj-go<\/a><\/p>\n","protected":false},"excerpt":{"rendered":"<p>O \u00d3rg\u00e3o Especial do Tribunal de Justi\u00e7a do Estado de Goi\u00e1s fixou, por unanimidade de votos, a tese jur\u00eddica de que alunos do \u00faltimo ano do ensino m\u00e9dio poder\u00e3o ingressar em cursos de gradua\u00e7\u00e3o superior desde que comprovem, ao final do ano letivo, que conclu\u00edram o ensino m\u00e9dio. No caso, um estudante do terceiro ano [&hellip;]<\/p>\n","protected":false},"author":1,"featured_media":5098,"comment_status":"closed","ping_status":"closed","sticky":false,"template":"","format":"standard","meta":{"site-sidebar-layout":"default","site-content-layout":"default","ast-site-content-layout":"default","site-content-style":"default","site-sidebar-style":"default","ast-global-header-display":"","ast-banner-title-visibility":"","ast-main-header-display":"","ast-hfb-above-header-display":"","ast-hfb-below-header-display":"","ast-hfb-mobile-header-display":"","site-post-title":"","ast-breadcrumbs-content":"","ast-featured-img":"","footer-sml-layout":"","ast-disable-related-posts":"","theme-transparent-header-meta":"default","adv-header-id-meta":"","stick-header-meta":"","header-above-stick-meta":"","header-main-stick-meta":"","header-below-stick-meta":"","astra-migrate-meta-layouts":"default","ast-page-background-enabled":"default","ast-page-background-meta":{"desktop":{"background-color":"","background-image":"","background-repeat":"repeat","background-position":"center center","background-size":"auto","background-attachment":"scroll","background-type":"","background-media":"","overlay-type":"","overlay-color":"","overlay-opacity":"","overlay-gradient":""},"tablet":{"background-color":"","background-image":"","background-repeat":"repeat","background-position":"center center","background-size":"auto","background-attachment":"scroll","background-type":"","background-media":"","overlay-type":"","overlay-color":"","overlay-opacity":"","overlay-gradient":""},"mobile":{"background-color":"","background-image":"","background-repeat":"repeat","background-position":"center center","background-size":"auto","background-attachment":"scroll","background-type":"","background-media":"","overlay-type":"","overlay-color":"","overlay-opacity":"","overlay-gradient":""}},"ast-content-background-meta":{"desktop":{"background-color":"var(--ast-global-color-5)","background-image":"","background-repeat":"repeat","background-position":"center center","background-size":"auto","background-attachment":"scroll","background-type":"","background-media":"","overlay-type":"","overlay-color":"","overlay-opacity":"","overlay-gradient":""},"tablet":{"background-color":"var(--ast-global-color-5)","background-image":"","background-repeat":"repeat","background-position":"center center","background-size":"auto","background-attachment":"scroll","background-type":"","background-media":"","overlay-type":"","overlay-color":"","overlay-opacity":"","overlay-gradient":""},"mobile":{"background-color":"var(--ast-global-color-5)","background-image":"","background-repeat":"repeat","background-position":"center center","background-size":"auto","background-attachment":"scroll","background-type":"","background-media":"","overlay-type":"","overlay-color":"","overlay-opacity":"","overlay-gradient":""}},"footnotes":""},"categories":[1],"tags":[],"class_list":["post-5103","post","type-post","status-publish","format-standard","has-post-thumbnail","hentry","category-sem-categoria"],"_links":{"self":[{"href":"http:\/\/cotrimadvogados.adv.br\/index.php?rest_route=\/wp\/v2\/posts\/5103","targetHints":{"allow":["GET"]}}],"collection":[{"href":"http:\/\/cotrimadvogados.adv.br\/index.php?rest_route=\/wp\/v2\/posts"}],"about":[{"href":"http:\/\/cotrimadvogados.adv.br\/index.php?rest_route=\/wp\/v2\/types\/post"}],"author":[{"embeddable":true,"href":"http:\/\/cotrimadvogados.adv.br\/index.php?rest_route=\/wp\/v2\/users\/1"}],"replies":[{"embeddable":true,"href":"http:\/\/cotrimadvogados.adv.br\/index.php?rest_route=%2Fwp%2Fv2%2Fcomments&post=5103"}],"version-history":[{"count":0,"href":"http:\/\/cotrimadvogados.adv.br\/index.php?rest_route=\/wp\/v2\/posts\/5103\/revisions"}],"wp:featuredmedia":[{"embeddable":true,"href":"http:\/\/cotrimadvogados.adv.br\/index.php?rest_route=\/wp\/v2\/media\/5098"}],"wp:attachment":[{"href":"http:\/\/cotrimadvogados.adv.br\/index.php?rest_route=%2Fwp%2Fv2%2Fmedia&parent=5103"}],"wp:term":[{"taxonomy":"category","embeddable":true,"href":"http:\/\/cotrimadvogados.adv.br\/index.php?rest_route=%2Fwp%2Fv2%2Fcategories&post=5103"},{"taxonomy":"post_tag","embeddable":true,"href":"http:\/\/cotrimadvogados.adv.br\/index.php?rest_route=%2Fwp%2Fv2%2Ftags&post=5103"}],"curies":[{"name":"wp","href":"https:\/\/api.w.org\/{rel}","templated":true}]}}