{"id":5162,"date":"2026-03-12T16:29:25","date_gmt":"2026-03-12T19:29:25","guid":{"rendered":"http:\/\/cotrimadvogados-adv-br.umbler.net\/?p=5162"},"modified":"2026-03-12T16:30:17","modified_gmt":"2026-03-12T19:30:17","slug":"supremo-tribunal-federal-valida-revisao-da-vida-toda","status":"publish","type":"post","link":"http:\/\/cotrimadvogados.adv.br\/?p=5162","title":{"rendered":"Supremo Tribunal Federal valida &#8216;revis\u00e3o da vida toda&#8217;"},"content":{"rendered":"\n<p>Por entender que os aposentados pelo INSS t\u00eam o direito de escolher a regra que lhes for mais favor\u00e1vel, o Plen\u00e1rio do Supremo Tribunal Federal, por 6 votos a 5, validou nesta quinta-feira (1\u00ba\/12) a &#8220;revis\u00e3o da vida toda&#8221;. Assim, os aposentados poder\u00e3o usar todas as suas contribui\u00e7\u00f5es previdenci\u00e1rias, inclusive aquelas recolhidas antes do Plano Real, de 1994, para calcular os valores de seus benef\u00edcios.<\/p>\n\n\n\n<p><br>A Lei 9.876\/1999 reformou a Previd\u00eancia e criou uma regra de transi\u00e7\u00e3o que desconsiderou, para o c\u00e1lculo da aposentadoria, os valores recebidos antes de julho de 1994. No entanto, os ministros entenderam que as quantias anteriores a esse marco, do Plano Real, podem ser consideradas para a defini\u00e7\u00e3o do benef\u00edcio.<br>Foi aprovada a seguinte tese de repercuss\u00e3o geral (Tema 1.102), proposta pelo ministro Alexandre de Moraes, que disp\u00f5e:<\/p>\n\n\n\n<p>\u201cO segurado que implementou as condi\u00e7\u00f5es para o benef\u00edcio previdenci\u00e1rio ap\u00f3s a vig\u00eancia da Lei 9.876, de 26\/11\/1999, e antes da vig\u00eancia das novas regras constitucionais introduzidas pela Emenda Constitucional 103\/2019 tem o direito de optar pela regra definitiva caso esta lhe seja mais favor\u00e1vel&#8221;.<\/p>\n\n\n\n<p>O julgamento do STF deve ter influ\u00eancia direta na vida e nos benef\u00edcios de milhares de aposentados e pensionistas do INSS, pois validou o aumento nas aposentadorias e pens\u00f5es dos segurados.<br><a href=\"https:\/\/www.conjur.com.br\/2022-dez-01\/supremo-valida-revisao-vida-toda-beneficios-inss\">https:\/\/www.conjur.com.br\/2022-dez-01\/supremo-valida-revisao-vida-toda-beneficios-inss<\/a><\/p>\n\n\n\n<p>Obs.: O Escrit\u00f3rio Cotrim Advogados alerta que a revis\u00e3o da vida toda n\u00e3o \u00e9 aplicada a todo e qualquer aposentado, existem crit\u00e9rios objetivos a fim de verificar a viabilidade de se ingressar com a a\u00e7\u00e3o.<\/p>\n","protected":false},"excerpt":{"rendered":"<p>Por entender que os aposentados pelo INSS t\u00eam o direito de escolher a regra que lhes for mais favor\u00e1vel, o Plen\u00e1rio do Supremo Tribunal Federal, por 6 votos a 5, validou nesta quinta-feira (1\u00ba\/12) a &#8220;revis\u00e3o da vida toda&#8221;. Assim, os aposentados poder\u00e3o usar todas as suas contribui\u00e7\u00f5es previdenci\u00e1rias, inclusive aquelas recolhidas antes do Plano [&hellip;]<\/p>\n","protected":false},"author":1,"featured_media":5163,"comment_status":"closed","ping_status":"closed","sticky":false,"template":"","format":"standard","meta":{"site-sidebar-layout":"default","site-content-layout":"default","ast-site-content-layout":"default","site-content-style":"default","site-sidebar-style":"default","ast-global-header-display":"","ast-banner-title-visibility":"","ast-main-header-display":"","ast-hfb-above-header-display":"","ast-hfb-below-header-display":"","ast-hfb-mobile-header-display":"","site-post-title":"","ast-breadcrumbs-content":"","ast-featured-img":"","footer-sml-layout":"","ast-disable-related-posts":"","theme-transparent-header-meta":"default","adv-header-id-meta":"","stick-header-meta":"","header-above-stick-meta":"","header-main-stick-meta":"","header-below-stick-meta":"","astra-migrate-meta-layouts":"default","ast-page-background-enabled":"default","ast-page-background-meta":{"desktop":{"background-color":"","background-image":"","background-repeat":"repeat","background-position":"center center","background-size":"auto","background-attachment":"scroll","background-type":"","background-media":"","overlay-type":"","overlay-color":"","overlay-opacity":"","overlay-gradient":""},"tablet":{"background-color":"","background-image":"","background-repeat":"repeat","background-position":"center center","background-size":"auto","background-attachment":"scroll","background-type":"","background-media":"","overlay-type":"","overlay-color":"","overlay-opacity":"","overlay-gradient":""},"mobile":{"background-color":"","background-image":"","background-repeat":"repeat","background-position":"center center","background-size":"auto","background-attachment":"scroll","background-type":"","background-media":"","overlay-type":"","overlay-color":"","overlay-opacity":"","overlay-gradient":""}},"ast-content-background-meta":{"desktop":{"background-color":"var(--ast-global-color-5)","background-image":"","background-repeat":"repeat","background-position":"center center","background-size":"auto","background-attachment":"scroll","background-type":"","background-media":"","overlay-type":"","overlay-color":"","overlay-opacity":"","overlay-gradient":""},"tablet":{"background-color":"var(--ast-global-color-5)","background-image":"","background-repeat":"repeat","background-position":"center center","background-size":"auto","background-attachment":"scroll","background-type":"","background-media":"","overlay-type":"","overlay-color":"","overlay-opacity":"","overlay-gradient":""},"mobile":{"background-color":"var(--ast-global-color-5)","background-image":"","background-repeat":"repeat","background-position":"center center","background-size":"auto","background-attachment":"scroll","background-type":"","background-media":"","overlay-type":"","overlay-color":"","overlay-opacity":"","overlay-gradient":""}},"footnotes":""},"categories":[1],"tags":[],"class_list":["post-5162","post","type-post","status-publish","format-standard","has-post-thumbnail","hentry","category-sem-categoria"],"_links":{"self":[{"href":"http:\/\/cotrimadvogados.adv.br\/index.php?rest_route=\/wp\/v2\/posts\/5162","targetHints":{"allow":["GET"]}}],"collection":[{"href":"http:\/\/cotrimadvogados.adv.br\/index.php?rest_route=\/wp\/v2\/posts"}],"about":[{"href":"http:\/\/cotrimadvogados.adv.br\/index.php?rest_route=\/wp\/v2\/types\/post"}],"author":[{"embeddable":true,"href":"http:\/\/cotrimadvogados.adv.br\/index.php?rest_route=\/wp\/v2\/users\/1"}],"replies":[{"embeddable":true,"href":"http:\/\/cotrimadvogados.adv.br\/index.php?rest_route=%2Fwp%2Fv2%2Fcomments&post=5162"}],"version-history":[{"count":0,"href":"http:\/\/cotrimadvogados.adv.br\/index.php?rest_route=\/wp\/v2\/posts\/5162\/revisions"}],"wp:featuredmedia":[{"embeddable":true,"href":"http:\/\/cotrimadvogados.adv.br\/index.php?rest_route=\/wp\/v2\/media\/5163"}],"wp:attachment":[{"href":"http:\/\/cotrimadvogados.adv.br\/index.php?rest_route=%2Fwp%2Fv2%2Fmedia&parent=5162"}],"wp:term":[{"taxonomy":"category","embeddable":true,"href":"http:\/\/cotrimadvogados.adv.br\/index.php?rest_route=%2Fwp%2Fv2%2Fcategories&post=5162"},{"taxonomy":"post_tag","embeddable":true,"href":"http:\/\/cotrimadvogados.adv.br\/index.php?rest_route=%2Fwp%2Fv2%2Ftags&post=5162"}],"curies":[{"name":"wp","href":"https:\/\/api.w.org\/{rel}","templated":true}]}}