{"id":5206,"date":"2026-03-12T16:29:35","date_gmt":"2026-03-12T19:29:35","guid":{"rendered":"http:\/\/cotrimadvogados-adv-br.umbler.net\/?p=5206"},"modified":"2026-03-12T16:30:26","modified_gmt":"2026-03-12T19:30:26","slug":"e-obrigatorio-liberar-funcionario-durante-o-carnaval-advogada-explica","status":"publish","type":"post","link":"http:\/\/cotrimadvogados.adv.br\/?p=5206","title":{"rendered":"\u00c9 obrigat\u00f3rio liberar funcion\u00e1rio durante o Carnaval? Advogada explica"},"content":{"rendered":"\n<p>Especialista explicou que festividade n\u00e3o \u00e9 considerada como feriado nacional e libera\u00e7\u00e3o de funcion\u00e1rios depende de negocia\u00e7\u00e3o entre empregador e empregado.<\/p>\n\n\n\n<p>O ano de 2023 marca o retorno oficial das festividades de Carnaval em muitos Estados brasileiros, ap\u00f3s anos de restri\u00e7\u00f5es e cuidados necess\u00e1rios para conter a pandemia da covid-19. Apenas na cidade de S\u00e3o Paulo, a expectativa \u00e9 de que 14 milh\u00f5es de foli\u00f5es tomem as ruas, segundo a prefeitura do munic\u00edpio. Diante deste cen\u00e1rio, algumas d\u00favidas surgem sobre a libera\u00e7\u00e3o de trabalhadores durante o per\u00edodo.<\/p>\n\n\n\n<p>Segundo Elizabeth Lula, advogada do escrit\u00f3rio Aparecido In\u00e1cio e Pereira Advogados Associados, por n\u00e3o se tratar de um feriado nacional, as empresas n\u00e3o s\u00e3o obrigadas a dispensar os colaboradores durante os dias de Carnaval.<\/p>\n\n\n\n<p>&#8220;Se a empresa optar pelo funcionamento normal durante estes dias, o pagamento pelo trabalho deve ser efetuado sem qualquer adicional, ou seja, deve corresponder ao de qualquer outro dia regular de trabalho.&#8221;<\/p>\n\n\n\n<p>A advogada acrescenta que, caso a empresa decida liberar os funcion\u00e1rios do trabalho nos dias do Carnaval, ela pode exigir que haja uma compensa\u00e7\u00e3o pela aus\u00eancia de trabalho, mas n\u00e3o existe obrigatoriedade nesta quest\u00e3o, ficando a crit\u00e9rio \u00fanico e exclusivo do empregador.<\/p>\n\n\n\n<p>Elizabeth Lula tamb\u00e9m reitera que a compensa\u00e7\u00e3o pelos dias pode ser feita por meio de banco de horas, desde que tenha sido implantado na empresa ou compensa\u00e7\u00e3o futura, dependendo de cada caso espec\u00edfico. Por\u00e9m, para que isso se firme, segundo a legisla\u00e7\u00e3o vigente,&nbsp;deve existir ao menos um acordo escrito entre empregado e empregador.<\/p>\n\n\n\n<p>&#8220;Como regra geral, a libera\u00e7\u00e3o dos funcion\u00e1rios depende exclusivamente das empresas. A lei possibilita que os acordos coletivos firmados entre os empregadores e empregados estabele\u00e7am o carnaval como feriado, prevalecendo o convencionado sobre o legislado, entretanto, esse acordo coletivo somente ter\u00e1 validade para a categoria profissional a qual ele se aplique.&#8221;<\/p>\n\n\n\n<p>A advogada ainda analisa que o munic\u00edpio tamb\u00e9m pode promover um decreto para oficializar os dias de Carnaval como um feriado e, neste cen\u00e1rio, a empresa deve permitir que seus empregados aproveitem a folga durante esses dias. Contudo, sendo imprescind\u00edvel a atua\u00e7\u00e3o profissional durante tais dias, devido \u00e0s atividades serem de cunho essencial, a n\u00e3o libera\u00e7\u00e3o dos empregados est\u00e1 sujeita ao pagamento de horas extras.<\/p>\n\n\n\n<p>Fonte: Migalhas<\/p>\n\n\n\n<p>Dispon\u00edvel em: https:\/\/www.migalhas.com.br\/quentes\/381441\/e-obrigatorio-liberar-funcionario-durante-o-carnaval-advogada-explica<\/p>\n","protected":false},"excerpt":{"rendered":"<p>Especialista explicou que festividade n\u00e3o \u00e9 considerada como feriado nacional e libera\u00e7\u00e3o de funcion\u00e1rios depende de negocia\u00e7\u00e3o entre empregador e empregado. O ano de 2023 marca o retorno oficial das festividades de Carnaval em muitos Estados brasileiros, ap\u00f3s anos de restri\u00e7\u00f5es e cuidados necess\u00e1rios para conter a pandemia da covid-19. Apenas na cidade de S\u00e3o [&hellip;]<\/p>\n","protected":false},"author":1,"featured_media":5207,"comment_status":"closed","ping_status":"closed","sticky":false,"template":"","format":"standard","meta":{"site-sidebar-layout":"default","site-content-layout":"default","ast-site-content-layout":"default","site-content-style":"default","site-sidebar-style":"default","ast-global-header-display":"","ast-banner-title-visibility":"","ast-main-header-display":"","ast-hfb-above-header-display":"","ast-hfb-below-header-display":"","ast-hfb-mobile-header-display":"","site-post-title":"","ast-breadcrumbs-content":"","ast-featured-img":"","footer-sml-layout":"","ast-disable-related-posts":"","theme-transparent-header-meta":"default","adv-header-id-meta":"","stick-header-meta":"","header-above-stick-meta":"","header-main-stick-meta":"","header-below-stick-meta":"","astra-migrate-meta-layouts":"default","ast-page-background-enabled":"default","ast-page-background-meta":{"desktop":{"background-color":"","background-image":"","background-repeat":"repeat","background-position":"center center","background-size":"auto","background-attachment":"scroll","background-type":"","background-media":"","overlay-type":"","overlay-color":"","overlay-opacity":"","overlay-gradient":""},"tablet":{"background-color":"","background-image":"","background-repeat":"repeat","background-position":"center center","background-size":"auto","background-attachment":"scroll","background-type":"","background-media":"","overlay-type":"","overlay-color":"","overlay-opacity":"","overlay-gradient":""},"mobile":{"background-color":"","background-image":"","background-repeat":"repeat","background-position":"center center","background-size":"auto","background-attachment":"scroll","background-type":"","background-media":"","overlay-type":"","overlay-color":"","overlay-opacity":"","overlay-gradient":""}},"ast-content-background-meta":{"desktop":{"background-color":"var(--ast-global-color-5)","background-image":"","background-repeat":"repeat","background-position":"center center","background-size":"auto","background-attachment":"scroll","background-type":"","background-media":"","overlay-type":"","overlay-color":"","overlay-opacity":"","overlay-gradient":""},"tablet":{"background-color":"var(--ast-global-color-5)","background-image":"","background-repeat":"repeat","background-position":"center center","background-size":"auto","background-attachment":"scroll","background-type":"","background-media":"","overlay-type":"","overlay-color":"","overlay-opacity":"","overlay-gradient":""},"mobile":{"background-color":"var(--ast-global-color-5)","background-image":"","background-repeat":"repeat","background-position":"center center","background-size":"auto","background-attachment":"scroll","background-type":"","background-media":"","overlay-type":"","overlay-color":"","overlay-opacity":"","overlay-gradient":""}},"footnotes":""},"categories":[1],"tags":[],"class_list":["post-5206","post","type-post","status-publish","format-standard","has-post-thumbnail","hentry","category-sem-categoria"],"_links":{"self":[{"href":"http:\/\/cotrimadvogados.adv.br\/index.php?rest_route=\/wp\/v2\/posts\/5206","targetHints":{"allow":["GET"]}}],"collection":[{"href":"http:\/\/cotrimadvogados.adv.br\/index.php?rest_route=\/wp\/v2\/posts"}],"about":[{"href":"http:\/\/cotrimadvogados.adv.br\/index.php?rest_route=\/wp\/v2\/types\/post"}],"author":[{"embeddable":true,"href":"http:\/\/cotrimadvogados.adv.br\/index.php?rest_route=\/wp\/v2\/users\/1"}],"replies":[{"embeddable":true,"href":"http:\/\/cotrimadvogados.adv.br\/index.php?rest_route=%2Fwp%2Fv2%2Fcomments&post=5206"}],"version-history":[{"count":0,"href":"http:\/\/cotrimadvogados.adv.br\/index.php?rest_route=\/wp\/v2\/posts\/5206\/revisions"}],"wp:featuredmedia":[{"embeddable":true,"href":"http:\/\/cotrimadvogados.adv.br\/index.php?rest_route=\/wp\/v2\/media\/5207"}],"wp:attachment":[{"href":"http:\/\/cotrimadvogados.adv.br\/index.php?rest_route=%2Fwp%2Fv2%2Fmedia&parent=5206"}],"wp:term":[{"taxonomy":"category","embeddable":true,"href":"http:\/\/cotrimadvogados.adv.br\/index.php?rest_route=%2Fwp%2Fv2%2Fcategories&post=5206"},{"taxonomy":"post_tag","embeddable":true,"href":"http:\/\/cotrimadvogados.adv.br\/index.php?rest_route=%2Fwp%2Fv2%2Ftags&post=5206"}],"curies":[{"name":"wp","href":"https:\/\/api.w.org\/{rel}","templated":true}]}}