{"id":5236,"date":"2026-03-12T17:14:40","date_gmt":"2026-03-12T20:14:40","guid":{"rendered":"http:\/\/cotrimadvogados-adv-br.umbler.net\/?p=5236"},"modified":"2026-03-12T17:14:40","modified_gmt":"2026-03-12T20:14:40","slug":"afastamento-de-bretas-mostra-que-mostra-que-juizes-nao-podem-tratar-reus-como-inimigos","status":"publish","type":"post","link":"http:\/\/cotrimadvogados.adv.br\/?p=5236","title":{"rendered":"Afastamento de Bretas mostra que mostra que ju\u00edzes n\u00e3o podem tratar r\u00e9us como inimigos"},"content":{"rendered":"\n<p>A decis\u00e3o do Conselho Nacional de Justi\u00e7a de&nbsp;<a href=\"https:\/\/www.conjur.com.br\/2023-fev-28\/cnj-afasta-marcelo-bretas-atuacao-lava-jato-rio\" target=\"_blank\" rel=\"noreferrer noopener\">afastar Marcelo Bretas<\/a>&nbsp;do posto de juiz da 7\u00aa Vara Federal Criminal do Rio de Janeiro reafirma que magistrados devem ter atua\u00e7\u00e3o imparcial, e n\u00e3o tratar r\u00e9us como inimigos. Al\u00e9m disso, representa mais uma derrota \u00e0 finada &#8220;lava jato&#8221;, afirmam advogados.&nbsp;<\/p>\n\n\n\n<p>O CNJ decidiu, nesta ter\u00e7a-feira (28\/2),\u00a0<a rel=\"noreferrer noopener\" href=\"https:\/\/www.conjur.com.br\/2023-fev-28\/cnj-afasta-marcelo-bretas-atuacao-lava-jato-rio\" target=\"_blank\">afastar Marcelo Bretas<\/a>\u00a0do posto de juiz da 7\u00aa Vara Federal Criminal do Rio. O colegiado analisou tr\u00eas reclama\u00e7\u00f5es constitucionais contra o magistrado respons\u00e1vel por conduzir processos da finada &#8220;lava jato&#8221; fluminense.\u00a0<br><br>O placar foi de 12\u00a0a 3\u00a0pelo afastamento cautelar. Os conselheiros tamb\u00e9m decidiram abrir um procedimento para apurar a conduta de Bretas, que fica fora da 7\u00aa Vara enquanto durarem as investiga\u00e7\u00f5es.\u00a0<\/p>\n\n\n\n<p>Advogados ouvidos pela&nbsp;<strong>ConJur<\/strong>&nbsp;parabenizaram o CNJ e disseram que a atua\u00e7\u00e3o de Bretas \u00e9 incompat\u00edvel com a fun\u00e7\u00e3o de juiz.&nbsp;<\/p>\n\n\n\n<p>Para o jurista&nbsp;<strong>Lenio Streck<\/strong>, colunista da&nbsp;<strong>ConJur<\/strong>,&nbsp;o CNJ fez o que se esperava. &#8220;Bretas imitou Moro. Foi um juiz tipo-inquisi\u00e7\u00e3o. Assim como Moro, tamb\u00e9m trabalha com o&nbsp;<em>target effect<\/em>&nbsp;(efeito alvo): primeiro atirava a flecha e depois pintava o alvo. E, por \u00f3bvio, um juiz n\u00e3o deve nunca ser assim.&#8221;<\/p>\n\n\n\n<p>O advogado&nbsp;<strong>Fernando Hargreaves<\/strong>&nbsp;elogiou a decis\u00e3o do CNJ. &#8220;Hoje foi um grande dia para a magistratura brasileira.&nbsp;Mais uma vez a democracia e o combate ao abuso do poder prevaleceram&#8221;, afirmou.<\/p>\n\n\n\n<p>O criminalista&nbsp;<strong>Andr\u00e9 Callegari<\/strong>&nbsp;concorda. &#8220;A medida tomada pelo CNJ vem em boa hora. Ainda que seja cautelar, demonstra que no processo acusat\u00f3rio a postura do magistrado deve ser equidistante das partes. Ali\u00e1s, se essas medidas j\u00e1 tivessem sido adotadas anteriormente, muitos abusos n\u00e3o teriam sido cometidos na &#8216;lava jato&#8217; e talvez outros magistrados estariam afastados pelos mesmos motivos.&#8221;<\/p>\n\n\n\n<p>O advogado criminalista&nbsp;<strong>Fernando Fernandes<\/strong>&nbsp;disse que as dela\u00e7\u00f5es que pesaram contra Bretas s\u00e3o s\u00f3 a &#8220;ponta do iceberg&#8221; dos &#8220;m\u00e9todos escusos&#8221; da lava jato fluminense.&nbsp;<\/p>\n\n\n\n<p>&#8220;O afastamento do juiz Bretas em raz\u00e3o de dela\u00e7\u00e3o de advogados delacionistas que negociaram os abusos do juiz \u00e9 o inicio da descoberta da ponta do iceberg da caixa preta dos m\u00e9todos escusos do&nbsp;<em>franchising<\/em>&nbsp;da &#8216;lava jato&#8217; fluminense. Mesmos m\u00e9todos do ex-juiz que tem a pior n\u00f3doa da declara\u00e7\u00e3o de parcialidade, Sergio Moro. A hist\u00f3ria vai revelar muito mais.\u201d<\/p>\n\n\n\n<p>O&nbsp;criminalista&nbsp;<strong>Carlo Luchione<\/strong>&nbsp;foi o&nbsp;respons\u00e1vel pela representa\u00e7\u00e3o contra o advogado Nythalmar Dias Ferreira Filho, que, ap\u00f3s v\u00e1rias etapas e dela\u00e7\u00e3o premiada do pr\u00f3prio Nythalmar, culminou no afastamento de Bretas.<\/p>\n\n\n\n<p>Para Luchione, a decis\u00e3o do CNJ \u00e9 o resultado natural da atua\u00e7\u00e3o &#8220;indiferente a garantias fundamentais e princ\u00edpios constitucionais&#8221; do juiz. O julgador, na vis\u00e3o do advogado, \u00e9 &#8220;insens\u00edvel aos poss\u00edveis graves erros judiciais que possa estar cometendo, com grave vi\u00e9s do desvio da necess\u00e1ria imparcialidade do processo&#8221;.<\/p>\n\n\n\n<p><strong>Beto Simonetti<\/strong>, presidente do Conselho Federal da Ordem dos Advogados do Brasil, autora de uma das reclama\u00e7\u00f5es contra Bretas, disse que o afastamento do juiz \u00e9 necess\u00e1rio.&nbsp;<\/p>\n\n\n\n<p>&#8220;A a\u00e7\u00e3o da OAB se refere a reportagens veiculadas na imprensa nacional com relatos de graves de viola\u00e7\u00f5es do devido processo legal por Bretas. Devido \u00e0 gravidade das alega\u00e7\u00f5es, a Ordem entende ser necess\u00e1rio o afastamento do magistrado para que os fatos narrados sejam apurados de forma correta e isenta&#8221;.<\/p>\n\n\n\n<p><strong>Reclama\u00e7\u00f5es<\/strong><br>O CNJ&nbsp;analisou tr\u00eas reclama\u00e7\u00f5es disciplinares. Todas est\u00e3o em sigilo. Por isso, a sess\u00e3o n\u00e3o foi transmitida. O relator das reclama\u00e7\u00f5es \u00e9 o corregedor nacional de Justi\u00e7a, Luis Felipe Salom\u00e3o.<\/p>\n\n\n\n<p>Um dos pedidos foi&nbsp;<a href=\"https:\/\/www.conjur.com.br\/2021-jun-07\/oab-afastamento-bretas-irregularidades-lava-jato\">feito pelo Conselho Federal da Ordem dos Advogados do Brasil<\/a>, com base em reportagem da revista&nbsp;<em>Veja<\/em>&nbsp;segundo a qual Bretas negociou penas, orientou advogados e combinou estrat\u00e9gias com o Minist\u00e9rio P\u00fablico. A publica\u00e7\u00e3o se baseou em dela\u00e7\u00e3o do advogado criminalista Nythalmar Dias Ferreira Filho.<\/p>\n\n\n\n<p>Segundo a OAB, Bretas violou deveres de imparcialidade, tratamento urbano com as partes, entre outros previstos no artigo 35 da Lei Org\u00e2nica da Magistratura Nacional, culminando, inclusive, em desrespeito \u00e0s prerrogativas dos advogados.<\/p>\n\n\n\n<p>O segundo processo foi&nbsp;<a href=\"https:\/\/www.conjur.com.br\/2022-set-30\/paes-aponta-irregularidades-bretas-conducao-delacao\">ajuizado pelo prefeito do Rio de Janeiro, Eduardo Paes<\/a>, que aponta condu\u00e7\u00e3o de um acordo de colabora\u00e7\u00e3o premiada baseado apenas em informa\u00e7\u00f5es repassadas por terceiro, cujo intuito, segundo ele, era favorecer a candidatura de Wilson Witzel ao governo estadual em 2018.&nbsp;<\/p>\n\n\n\n<p>O caso trata da dela\u00e7\u00e3o premiada de Alexandre Pinto, ex-secret\u00e1rio municipal de Obras do Rio, que envolveu Paes em um esquema de propinas no plano de infraestrutura das Olimp\u00edadas de 2016. Ele chegou a admitir que n\u00e3o estava presente no momento em que Paes teria acertado um pagamento \u00e0 construtora Odebrecht.<\/p>\n\n\n\n<p>A defesa do atual prefeito do Rio pediu acesso ao material da dela\u00e7\u00e3o, mas Bretas alegou sigilo do caso e negou. Mesmo assim, alguns trechos do depoimento vazaram. \u00c0 \u00e9poca em que a dela\u00e7\u00e3o veio \u00e0 tona, Paes liderava as pesquisas de inten\u00e7\u00e3o de voto para o governo do Rio. Por\u00e9m, ao fim, Witzel foi eleito.<\/p>\n\n\n\n<p>A terceira reclama\u00e7\u00e3o disciplinar foi ajuizada pela pr\u00f3pria Corregedoria Nacional de Justi\u00e7a, a partir de&nbsp;<a href=\"https:\/\/www.conjur.com.br\/2022-nov-09\/corregedoria-nacional-determina-correicao-vara-bretas-atua\">correi\u00e7\u00e3o extraordin\u00e1ria<\/a>&nbsp;determinada pelo corregedor, ministro Luis Felipe Salom\u00e3o,&nbsp;e coordenada pelo desembargador Carlos von Adamek.<\/p>\n\n\n\n<p><strong>Dela\u00e7\u00e3o premiada<\/strong><br>Em acordo de colabora\u00e7\u00e3o premiada firmado com a Procuradoria-Geral da Rep\u00fablica, Nythalmar Dias Ferreira Filho afirmou que Bretas&nbsp;<a href=\"https:\/\/www.conjur.com.br\/2021-jun-04\/bretas-acusado-advogado-negociar-penas-orientar-advogados\">negociou<\/a>&nbsp;penas, orientou advogados e combinou estrat\u00e9gias com o Minist\u00e9rio P\u00fablico.&nbsp;<\/p>\n\n\n\n<p>O &nbsp;advogado criminalista teria&nbsp;<a href=\"https:\/\/www.conjur.com.br\/2021-jun-11\/advogado-denunciou-nythalmar-pgr-afastamento-bretas\" target=\"_blank\" rel=\"noreferrer noopener\">apresentado<\/a>&nbsp;uma grava\u00e7\u00e3o na qual Bretas diz que vai &#8220;aliviar&#8221; acusa\u00e7\u00f5es contra o empres\u00e1rio Fernando Cavendish, delator que tamb\u00e9m chegou a ser preso pela &#8220;lava jato&#8221;.<\/p>\n\n\n\n<p>A revista transcreve a grava\u00e7\u00e3o, na qual Bretas afirma: &#8220;Voc\u00ea pode falar que conversei com ele, com o Leo, que fizemos uma videoconfer\u00eancia l\u00e1, e o procurador me garantiu que aqui mant\u00e9m o interesse, aqui n\u00e3o vai embarreirar&#8221;, diz Bretas. &#8220;E a\u00ed deixa comigo tamb\u00e9m que eu vou aliviar. N\u00e3o vou botar 43 anos no cara. Cara t\u00e1 assustado com os 43 anos&#8221;, diz ele em outro trecho do di\u00e1logo.<\/p>\n\n\n\n<p>Leo seria o procurador Leonardo Cardoso de Freitas, ent\u00e3o coordenador da &#8220;lava jato&#8221; no Rio de Janeiro. Os &#8220;43 anos&#8221; se referem \u00e0 decis\u00e3o que condenou o almirante Othon Luiz Pinheiro da Silva, ex-presidente da Eletronuclear, o que gerou temor generalizado nos r\u00e9us.<\/p>\n\n\n\n<p>Al\u00e9m disso, Nythalmar afirma que Bretas atuou para que Wilson Witzel (PSC) fosse eleito governador do Rio em 2018. De acordo com o advogado, no segundo turno, Eduardo Paes, em busca de uma tr\u00e9gua, comprometeu-se a nomear uma irm\u00e3 do juiz para uma secretaria se fosse eleito.&nbsp;<\/p>\n\n\n\n<p>Depois de Witzel ganhar as elei\u00e7\u00f5es, ele, Paes e Bretas firmaram um acordo informal, narra Nythalmar. O ex-prefeito assegurou que abandonaria a pol\u00edtica &#8220;em troca de n\u00e3o ser perseguido&#8221; (o que n\u00e3o aconteceu, pois foi novamente eleito prefeito do Rio em 2020).&nbsp;<\/p>\n\n\n\n<p>J\u00e1 Witzel nomeou Marcilene Cristina Bretas, irm\u00e3 do juiz, para um cargo na Controladoria-Geral do Estado do Rio. \u00c0\u00a0<em>Veja<\/em>, Bretas negou as acusa\u00e7\u00f5es.<br><br>Fonte: ConJur<br><br>Disponivel em :\u00a0<a rel=\"noreferrer noopener\" href=\"https:\/\/www.conjur.com.br\/2023-fev-28\/afastamento-bretas-reforca-exigencia-imparcialidade-juizes\" target=\"_blank\">https:\/\/www.conjur.com.br\/2023-fev-28\/afastamento-bretas-reforca-exigencia-imparcialidade-juizes<\/a><\/p>\n","protected":false},"excerpt":{"rendered":"<p>A decis\u00e3o do Conselho Nacional de Justi\u00e7a de&nbsp;afastar Marcelo Bretas&nbsp;do posto de juiz da 7\u00aa Vara Federal Criminal do Rio de Janeiro reafirma que magistrados devem ter atua\u00e7\u00e3o imparcial, e n\u00e3o tratar r\u00e9us como inimigos. Al\u00e9m disso, representa mais uma derrota \u00e0 finada &#8220;lava jato&#8221;, afirmam advogados.&nbsp; O CNJ decidiu, nesta ter\u00e7a-feira (28\/2),\u00a0afastar Marcelo Bretas\u00a0do [&hellip;]<\/p>\n","protected":false},"author":1,"featured_media":5237,"comment_status":"closed","ping_status":"open","sticky":false,"template":"","format":"standard","meta":{"site-sidebar-layout":"default","site-content-layout":"default","ast-site-content-layout":"default","site-content-style":"default","site-sidebar-style":"default","ast-global-header-display":"","ast-banner-title-visibility":"","ast-main-header-display":"","ast-hfb-above-header-display":"","ast-hfb-below-header-display":"","ast-hfb-mobile-header-display":"","site-post-title":"","ast-breadcrumbs-content":"","ast-featured-img":"","footer-sml-layout":"","ast-disable-related-posts":"","theme-transparent-header-meta":"default","adv-header-id-meta":"","stick-header-meta":"","header-above-stick-meta":"","header-main-stick-meta":"","header-below-stick-meta":"","astra-migrate-meta-layouts":"default","ast-page-background-enabled":"default","ast-page-background-meta":{"desktop":{"background-color":"","background-image":"","background-repeat":"repeat","background-position":"center center","background-size":"auto","background-attachment":"scroll","background-type":"","background-media":"","overlay-type":"","overlay-color":"","overlay-opacity":"","overlay-gradient":""},"tablet":{"background-color":"","background-image":"","background-repeat":"repeat","background-position":"center center","background-size":"auto","background-attachment":"scroll","background-type":"","background-media":"","overlay-type":"","overlay-color":"","overlay-opacity":"","overlay-gradient":""},"mobile":{"background-color":"","background-image":"","background-repeat":"repeat","background-position":"center center","background-size":"auto","background-attachment":"scroll","background-type":"","background-media":"","overlay-type":"","overlay-color":"","overlay-opacity":"","overlay-gradient":""}},"ast-content-background-meta":{"desktop":{"background-color":"var(--ast-global-color-5)","background-image":"","background-repeat":"repeat","background-position":"center center","background-size":"auto","background-attachment":"scroll","background-type":"","background-media":"","overlay-type":"","overlay-color":"","overlay-opacity":"","overlay-gradient":""},"tablet":{"background-color":"var(--ast-global-color-5)","background-image":"","background-repeat":"repeat","background-position":"center center","background-size":"auto","background-attachment":"scroll","background-type":"","background-media":"","overlay-type":"","overlay-color":"","overlay-opacity":"","overlay-gradient":""},"mobile":{"background-color":"var(--ast-global-color-5)","background-image":"","background-repeat":"repeat","background-position":"center center","background-size":"auto","background-attachment":"scroll","background-type":"","background-media":"","overlay-type":"","overlay-color":"","overlay-opacity":"","overlay-gradient":""}},"footnotes":""},"categories":[13,1],"tags":[],"class_list":["post-5236","post","type-post","status-publish","format-standard","has-post-thumbnail","hentry","category-direito-empresarial","category-sem-categoria"],"_links":{"self":[{"href":"http:\/\/cotrimadvogados.adv.br\/index.php?rest_route=\/wp\/v2\/posts\/5236","targetHints":{"allow":["GET"]}}],"collection":[{"href":"http:\/\/cotrimadvogados.adv.br\/index.php?rest_route=\/wp\/v2\/posts"}],"about":[{"href":"http:\/\/cotrimadvogados.adv.br\/index.php?rest_route=\/wp\/v2\/types\/post"}],"author":[{"embeddable":true,"href":"http:\/\/cotrimadvogados.adv.br\/index.php?rest_route=\/wp\/v2\/users\/1"}],"replies":[{"embeddable":true,"href":"http:\/\/cotrimadvogados.adv.br\/index.php?rest_route=%2Fwp%2Fv2%2Fcomments&post=5236"}],"version-history":[{"count":0,"href":"http:\/\/cotrimadvogados.adv.br\/index.php?rest_route=\/wp\/v2\/posts\/5236\/revisions"}],"wp:featuredmedia":[{"embeddable":true,"href":"http:\/\/cotrimadvogados.adv.br\/index.php?rest_route=\/wp\/v2\/media\/5237"}],"wp:attachment":[{"href":"http:\/\/cotrimadvogados.adv.br\/index.php?rest_route=%2Fwp%2Fv2%2Fmedia&parent=5236"}],"wp:term":[{"taxonomy":"category","embeddable":true,"href":"http:\/\/cotrimadvogados.adv.br\/index.php?rest_route=%2Fwp%2Fv2%2Fcategories&post=5236"},{"taxonomy":"post_tag","embeddable":true,"href":"http:\/\/cotrimadvogados.adv.br\/index.php?rest_route=%2Fwp%2Fv2%2Ftags&post=5236"}],"curies":[{"name":"wp","href":"https:\/\/api.w.org\/{rel}","templated":true}]}}