{"id":5303,"date":"2026-03-12T16:29:31","date_gmt":"2026-03-12T19:29:31","guid":{"rendered":"http:\/\/cotrimadvogados-adv-br.umbler.net\/?p=5303"},"modified":"2026-03-12T16:30:23","modified_gmt":"2026-03-12T19:30:23","slug":"oab-volta-a-pedir-prioridade-na-tramitacao-de-adi-sobre-juiz-das-garantias","status":"publish","type":"post","link":"http:\/\/cotrimadvogados.adv.br\/?p=5303","title":{"rendered":"OAB volta a pedir prioridade na tramita\u00e7\u00e3o de ADI sobre juiz das garantias"},"content":{"rendered":"\n<p>O Conselho Federal da OAB protocolou peti\u00e7\u00e3o em uma das a\u00e7\u00f5es diretas de inconstitucionalidade que questionam o juiz das garantias pedindo a tramita\u00e7\u00e3o priorit\u00e1ria dos processos no Supremo Tribunal Federal.<br><\/p>\n\n\n\n<p>A implanta\u00e7\u00e3o do juiz das garantias est\u00e1 suspensa desde 2020por ordem do ministro Luiz Fux. Na sess\u00e3o da semana passada, os pr\u00f3prios ministros no Plen\u00e1rio&nbsp;<a href=\"https:\/\/www.conjur.com.br\/2023-mar-23\/ministros-stf-questionam-demora-analisar-juiz-garantias\" target=\"_blank\" rel=\"noreferrer noopener\">criticaram a demora para o julgamento<\/a>. A presidente Rosa Weber afirmou j\u00e1 ter entendimento formado sobre os processos, mas ressaltou que n\u00e3o pode paut\u00e1-los porque&nbsp;eles ainda n\u00e3o foram liberados.<\/p>\n\n\n\n<p>A pr\u00f3pria OAB\u00a0<a rel=\"noreferrer noopener\" href=\"https:\/\/www.conjur.com.br\/2022-set-22\/oab-inclusao-juiz-garantias-pauta-supremo\" target=\"_blank\">j\u00e1 tinha apresentado<\/a>\u00a0um pedido de inclus\u00e3o na pauta ainda em setembro de 2022. Neste novo pedido, ressaltou que &#8220;a causa se encontra madura para julgamento, uma vez que j\u00e1 foram realizadas as audi\u00eancias p\u00fablicas agendadas e as autoridades j\u00e1 prestaram as informa\u00e7\u00f5es necess\u00e1rias&#8221;.<br><\/p>\n\n\n\n<p>&#8220;Al\u00e9m disso, a mat\u00e9ria debatida nos autos \u00e9 de suma import\u00e2ncia para a sociedade brasileira e a sua aprecia\u00e7\u00e3o reveste-se de inquestion\u00e1vel urg\u00eancia, notadamente porque implica em reformula\u00e7\u00e3o sist\u00eamica do processo penal brasileiro&#8221;, afirmou a entidade.<\/p>\n\n\n\n<p><strong>Hist\u00f3rico<\/strong><br>Em janeiro de 2020, Fux, ent\u00e3o vice-presidente do STF,&nbsp;<a href=\"https:\/\/www.conjur.com.br\/2020-jan-22\/fux-revoga-liminar-juiz-garantias-atereferendo-plenario\" target=\"_blank\" rel=\"noreferrer noopener\">decidiu<\/a>&nbsp;liminarmente suspender a implementa\u00e7\u00e3o do juiz das garantias at\u00e9 que a decis\u00e3o fosse referendada pelo Plen\u00e1rio da Corte.<\/p>\n\n\n\n<p>A decis\u00e3o revogou outra liminar, concedida pelo ministro Dias Toffoli uma semana antes. Na decis\u00e3o, Toffoli&nbsp;<a href=\"https:\/\/www.conjur.com.br\/2020-jan-15\/toffoli-suspende-implementacao-juiz-garantias\" target=\"_blank\" rel=\"noreferrer noopener\">adiou a efic\u00e1cia<\/a>&nbsp;do instrumento nos tribunais por at\u00e9 180 dias e suspendeu dois artigos da Lei &#8220;anticrime&#8221; (Lei 13.964\/2019). Al\u00e9m disso, em portaria, aumentou prazo do grupo de trabalho que tratava do tema no Conselho Nacional de Justi\u00e7a.<\/p>\n\n\n\n<p>J\u00e1 em dezembro de 2020, o&nbsp;Instituto de Garantias Penais (IGP) entrou com um&nbsp;<a href=\"https:\/\/www.conjur.com.br\/2020-dez-16\/advogados-pedem-suspensao-decisao-vetou-juiz-garantias\" target=\"_blank\" rel=\"noreferrer noopener\">pedido de Habeas Corpus<\/a>&nbsp;no Supremo para obrigar a Corte a pautar o tema. O relator, ministro Alexandre de Moraes,&nbsp;<a href=\"https:\/\/www.conjur.com.br\/2021-fev-04\/alexandre-nega-liminar-hc-juiz-garantias\" target=\"_blank\" rel=\"noreferrer noopener\">negou o pedido<\/a>.<\/p>\n\n\n\n<p>Em 2021, Fux convocou uma\u00a0<a rel=\"noreferrer noopener\" href=\"https:\/\/www.conjur.com.br\/2021-out-24\/audiencia-stf-juiz-garantias-comeca-segunda\" target=\"_blank\">audi\u00eancia p\u00fablica<\/a>\u00a0sobre o tema, mas, na qualidade de presidente da Corte,\u00a0<a rel=\"noreferrer noopener\" href=\"https:\/\/www.conjur.com.br\/2021-dez-19\/juiz-garantias-fica-fora-pauta-stf-semestre\" target=\"_blank\">deixou de pautar<\/a>\u00a0o caso para 2022.\u00a0<br><br>Fonte: Conjur<br><br>Disponivel em : <a rel=\"noreferrer noopener\" href=\"https:\/\/www.conjur.com.br\/2023-mar-30\/oab-prioridade-tramitacao-adi-juiz-garantias\" target=\"_blank\">https:\/\/www.conjur.com.br\/2023-mar-30\/oab-prioridade-tramitacao-adi-juiz-garantias<\/a><\/p>\n","protected":false},"excerpt":{"rendered":"<p>O Conselho Federal da OAB protocolou peti\u00e7\u00e3o em uma das a\u00e7\u00f5es diretas de inconstitucionalidade que questionam o juiz das garantias pedindo a tramita\u00e7\u00e3o priorit\u00e1ria dos processos no Supremo Tribunal Federal. A implanta\u00e7\u00e3o do juiz das garantias est\u00e1 suspensa desde 2020por ordem do ministro Luiz Fux. Na sess\u00e3o da semana passada, os pr\u00f3prios ministros no Plen\u00e1rio&nbsp;criticaram [&hellip;]<\/p>\n","protected":false},"author":1,"featured_media":5304,"comment_status":"closed","ping_status":"closed","sticky":false,"template":"","format":"standard","meta":{"site-sidebar-layout":"default","site-content-layout":"default","ast-site-content-layout":"default","site-content-style":"default","site-sidebar-style":"default","ast-global-header-display":"","ast-banner-title-visibility":"","ast-main-header-display":"","ast-hfb-above-header-display":"","ast-hfb-below-header-display":"","ast-hfb-mobile-header-display":"","site-post-title":"","ast-breadcrumbs-content":"","ast-featured-img":"","footer-sml-layout":"","ast-disable-related-posts":"","theme-transparent-header-meta":"default","adv-header-id-meta":"","stick-header-meta":"","header-above-stick-meta":"","header-main-stick-meta":"","header-below-stick-meta":"","astra-migrate-meta-layouts":"default","ast-page-background-enabled":"default","ast-page-background-meta":{"desktop":{"background-color":"","background-image":"","background-repeat":"repeat","background-position":"center center","background-size":"auto","background-attachment":"scroll","background-type":"","background-media":"","overlay-type":"","overlay-color":"","overlay-opacity":"","overlay-gradient":""},"tablet":{"background-color":"","background-image":"","background-repeat":"repeat","background-position":"center center","background-size":"auto","background-attachment":"scroll","background-type":"","background-media":"","overlay-type":"","overlay-color":"","overlay-opacity":"","overlay-gradient":""},"mobile":{"background-color":"","background-image":"","background-repeat":"repeat","background-position":"center center","background-size":"auto","background-attachment":"scroll","background-type":"","background-media":"","overlay-type":"","overlay-color":"","overlay-opacity":"","overlay-gradient":""}},"ast-content-background-meta":{"desktop":{"background-color":"var(--ast-global-color-5)","background-image":"","background-repeat":"repeat","background-position":"center center","background-size":"auto","background-attachment":"scroll","background-type":"","background-media":"","overlay-type":"","overlay-color":"","overlay-opacity":"","overlay-gradient":""},"tablet":{"background-color":"var(--ast-global-color-5)","background-image":"","background-repeat":"repeat","background-position":"center center","background-size":"auto","background-attachment":"scroll","background-type":"","background-media":"","overlay-type":"","overlay-color":"","overlay-opacity":"","overlay-gradient":""},"mobile":{"background-color":"var(--ast-global-color-5)","background-image":"","background-repeat":"repeat","background-position":"center center","background-size":"auto","background-attachment":"scroll","background-type":"","background-media":"","overlay-type":"","overlay-color":"","overlay-opacity":"","overlay-gradient":""}},"footnotes":""},"categories":[1],"tags":[],"class_list":["post-5303","post","type-post","status-publish","format-standard","has-post-thumbnail","hentry","category-sem-categoria"],"_links":{"self":[{"href":"http:\/\/cotrimadvogados.adv.br\/index.php?rest_route=\/wp\/v2\/posts\/5303","targetHints":{"allow":["GET"]}}],"collection":[{"href":"http:\/\/cotrimadvogados.adv.br\/index.php?rest_route=\/wp\/v2\/posts"}],"about":[{"href":"http:\/\/cotrimadvogados.adv.br\/index.php?rest_route=\/wp\/v2\/types\/post"}],"author":[{"embeddable":true,"href":"http:\/\/cotrimadvogados.adv.br\/index.php?rest_route=\/wp\/v2\/users\/1"}],"replies":[{"embeddable":true,"href":"http:\/\/cotrimadvogados.adv.br\/index.php?rest_route=%2Fwp%2Fv2%2Fcomments&post=5303"}],"version-history":[{"count":0,"href":"http:\/\/cotrimadvogados.adv.br\/index.php?rest_route=\/wp\/v2\/posts\/5303\/revisions"}],"wp:featuredmedia":[{"embeddable":true,"href":"http:\/\/cotrimadvogados.adv.br\/index.php?rest_route=\/wp\/v2\/media\/5304"}],"wp:attachment":[{"href":"http:\/\/cotrimadvogados.adv.br\/index.php?rest_route=%2Fwp%2Fv2%2Fmedia&parent=5303"}],"wp:term":[{"taxonomy":"category","embeddable":true,"href":"http:\/\/cotrimadvogados.adv.br\/index.php?rest_route=%2Fwp%2Fv2%2Fcategories&post=5303"},{"taxonomy":"post_tag","embeddable":true,"href":"http:\/\/cotrimadvogados.adv.br\/index.php?rest_route=%2Fwp%2Fv2%2Ftags&post=5303"}],"curies":[{"name":"wp","href":"https:\/\/api.w.org\/{rel}","templated":true}]}}