{"id":5319,"date":"2026-03-12T17:14:37","date_gmt":"2026-03-12T20:14:37","guid":{"rendered":"http:\/\/cotrimadvogados-adv-br.umbler.net\/?p=5319"},"modified":"2026-03-12T17:14:37","modified_gmt":"2026-03-12T20:14:37","slug":"denuncia-anonima-de-trafico-nao-justifica-invasao-em-domicilio-diz-fachin","status":"publish","type":"post","link":"http:\/\/cotrimadvogados.adv.br\/?p=5319","title":{"rendered":"Den\u00fancia an\u00f4nima de tr\u00e1fico n\u00e3o justifica invas\u00e3o em domic\u00edlio, diz Fachin"},"content":{"rendered":"\n<p>Somente a den\u00fancia an\u00f4nima e a men\u00e7\u00e3o abstrata de que se trata de crime permanente n\u00e3o justificam a invas\u00e3o de resid\u00eancia para fins de investiga\u00e7\u00e3o policial. Sob esta fundamenta\u00e7\u00e3o, o ministro Edson Fachin anulou provas provenientes da incurs\u00e3o domiciliar e absolveu um homem acusado de tr\u00e1fico de drogas em S\u00e3o Paulo.<br><br>Segundo Fachin, que \u00e9 relator do caso, n\u00e3o foi observado no processo nenhuma raz\u00e3o concreta \u2014 no que tange ao crime de tr\u00e1fico \u2014 para que se justificasse a invas\u00e3o domiciliar sem mandado judicial. Somente com base em den\u00fancia an\u00f4nima os policiais coagiram o acusado a se deslocar para sua casa, sem elementos legais que pudessem corroborar a pr\u00e1tica do suposto crime.<\/p>\n\n\n\n<p>Tamb\u00e9m n\u00e3o foi constatada a presen\u00e7a do flagrante delito, que poderia respaldar a entrada na resid\u00eancia sem mandado ou autoriza\u00e7\u00e3o do morador.<\/p>\n\n\n\n<p>O ministro cita ainda que, em consulta ao processo que correu nas inst\u00e2ncias inferiores, constatou que a condena\u00e7\u00e3o do r\u00e9u foi embasada exclusivamente nas provas que foram obtidas ilegalmente por meio da invas\u00e3o a seu domic\u00edlio.<br><\/p>\n\n\n\n<p>&#8220;As provas derivadas da prova il\u00edcita (no caso, o depoimento dos agentes de pol\u00edcia que fizeram a incurs\u00e3o ao domic\u00edlio) restam imprest\u00e1veis em raz\u00e3o do que a doutrina denomina de teoria dos frutos da \u00e1rvore envenenada&#8221;, escreveu.<\/p>\n\n\n\n<p>Em sua fundamenta\u00e7\u00e3o, h\u00e1 tamb\u00e9m men\u00e7\u00e3o \u00e0 &#8220;convic\u00e7\u00e3o \u00edntima&#8221;&nbsp;do policial que, mesmo sob alega\u00e7\u00e3o de &#8220;sexto sentido&#8221;&nbsp;ou de &#8220;atitude suspeita&#8221;, n\u00e3o configura motiva\u00e7\u00e3o suficiente para invas\u00e3o domiciliar e nem para caracterizar flagrante delito.<\/p>\n\n\n\n<p>O HC foi impetrado pelo advogado criminalista&nbsp;<strong>Diego de Paula Papel<\/strong>, do&nbsp;Serradela &amp; Papel Advogados.<\/p>\n\n\n\n<p><strong>Outros casos semelhantes<\/strong><br><a href=\"https:\/\/www.conjur.com.br\/2023-fev-06\/atitude-suspeita-nao-justifica-invasao-domicilio-reitera-stj\" target=\"_blank\" rel=\"noreferrer noopener\">O STF j\u00e1 havia decidido<\/a>, em tema de repercuss\u00e3o geral, que ingresso de autoridade policial em resid\u00eancia, sem mandado, s\u00f3 pode ser feito sob circunst\u00e2ncias que indiquem situa\u00e7\u00e3o de flagrante delito.<\/p>\n\n\n\n<p>O tema tamb\u00e9m \u00e9&nbsp;<a href=\"https:\/\/www.conjur.com.br\/2023-jan-22\/stj-endurece-criterios-aceitar-invasao-domicilio\">pauta constante no Superior Tribunal de Justi\u00e7a<\/a>, inclusive com entendimentos de que o ingresso de policiais no domic\u00edlio para cumprir mandado de pris\u00e3o n\u00e3o autoriza busca por drogas.<\/p>\n\n\n\n<p><a href=\"https:\/\/www.conjur.com.br\/2022-mai-08\/stj-inocenta-condenado-flagrante-abrir-porta-pms\" target=\"_blank\" rel=\"noreferrer noopener\">Em outro caso no STJ<\/a>, desta vez em maio passado, a Corte absolveu um homem condenado por tr\u00e1fico de drogas por conta de um flagrante delito registrado quando abriu a porta para policiais entrarem em sua casa.<\/p>\n\n\n\n<p>Para os ministros, sem investiga\u00e7\u00f5es pr\u00e9vias ou elementos concretos de indiquem que o crime de tr\u00e1fico de drogas esteja ocorrendo dentro da resid\u00eancia, policiais n\u00e3o podem invadir sua casa.\u00a0A mera exist\u00eancia de den\u00fancia an\u00f4nima tamb\u00e9m n\u00e3o basta para legitimar a a\u00e7\u00e3o.<br><br>Fonte: Conjur<br><br>Disponivel em: <strong><a rel=\"noreferrer noopener\" href=\"https:\/\/www.conjur.com.br\/2023-abr-13\/denuncia-anonima-nao-justifica-invasao-domicilio-decide-fachin\" target=\"_blank\">https:\/\/www.conjur.com.br\/2023-abr-13\/denuncia-anonima-nao-justifica-invasao-domicilio-decide-fachin<\/a><\/strong><\/p>\n","protected":false},"excerpt":{"rendered":"<p>Somente a den\u00fancia an\u00f4nima e a men\u00e7\u00e3o abstrata de que se trata de crime permanente n\u00e3o justificam a invas\u00e3o de resid\u00eancia para fins de investiga\u00e7\u00e3o policial. Sob esta fundamenta\u00e7\u00e3o, o ministro Edson Fachin anulou provas provenientes da incurs\u00e3o domiciliar e absolveu um homem acusado de tr\u00e1fico de drogas em S\u00e3o Paulo. Segundo Fachin, que \u00e9 [&hellip;]<\/p>\n","protected":false},"author":1,"featured_media":5320,"comment_status":"closed","ping_status":"open","sticky":false,"template":"","format":"standard","meta":{"site-sidebar-layout":"default","site-content-layout":"default","ast-site-content-layout":"default","site-content-style":"default","site-sidebar-style":"default","ast-global-header-display":"","ast-banner-title-visibility":"","ast-main-header-display":"","ast-hfb-above-header-display":"","ast-hfb-below-header-display":"","ast-hfb-mobile-header-display":"","site-post-title":"","ast-breadcrumbs-content":"","ast-featured-img":"","footer-sml-layout":"","ast-disable-related-posts":"","theme-transparent-header-meta":"default","adv-header-id-meta":"","stick-header-meta":"","header-above-stick-meta":"","header-main-stick-meta":"","header-below-stick-meta":"","astra-migrate-meta-layouts":"default","ast-page-background-enabled":"default","ast-page-background-meta":{"desktop":{"background-color":"","background-image":"","background-repeat":"repeat","background-position":"center center","background-size":"auto","background-attachment":"scroll","background-type":"","background-media":"","overlay-type":"","overlay-color":"","overlay-opacity":"","overlay-gradient":""},"tablet":{"background-color":"","background-image":"","background-repeat":"repeat","background-position":"center center","background-size":"auto","background-attachment":"scroll","background-type":"","background-media":"","overlay-type":"","overlay-color":"","overlay-opacity":"","overlay-gradient":""},"mobile":{"background-color":"","background-image":"","background-repeat":"repeat","background-position":"center center","background-size":"auto","background-attachment":"scroll","background-type":"","background-media":"","overlay-type":"","overlay-color":"","overlay-opacity":"","overlay-gradient":""}},"ast-content-background-meta":{"desktop":{"background-color":"var(--ast-global-color-5)","background-image":"","background-repeat":"repeat","background-position":"center center","background-size":"auto","background-attachment":"scroll","background-type":"","background-media":"","overlay-type":"","overlay-color":"","overlay-opacity":"","overlay-gradient":""},"tablet":{"background-color":"var(--ast-global-color-5)","background-image":"","background-repeat":"repeat","background-position":"center center","background-size":"auto","background-attachment":"scroll","background-type":"","background-media":"","overlay-type":"","overlay-color":"","overlay-opacity":"","overlay-gradient":""},"mobile":{"background-color":"var(--ast-global-color-5)","background-image":"","background-repeat":"repeat","background-position":"center center","background-size":"auto","background-attachment":"scroll","background-type":"","background-media":"","overlay-type":"","overlay-color":"","overlay-opacity":"","overlay-gradient":""}},"footnotes":""},"categories":[13,1],"tags":[],"class_list":["post-5319","post","type-post","status-publish","format-standard","has-post-thumbnail","hentry","category-direito-empresarial","category-sem-categoria"],"_links":{"self":[{"href":"http:\/\/cotrimadvogados.adv.br\/index.php?rest_route=\/wp\/v2\/posts\/5319","targetHints":{"allow":["GET"]}}],"collection":[{"href":"http:\/\/cotrimadvogados.adv.br\/index.php?rest_route=\/wp\/v2\/posts"}],"about":[{"href":"http:\/\/cotrimadvogados.adv.br\/index.php?rest_route=\/wp\/v2\/types\/post"}],"author":[{"embeddable":true,"href":"http:\/\/cotrimadvogados.adv.br\/index.php?rest_route=\/wp\/v2\/users\/1"}],"replies":[{"embeddable":true,"href":"http:\/\/cotrimadvogados.adv.br\/index.php?rest_route=%2Fwp%2Fv2%2Fcomments&post=5319"}],"version-history":[{"count":0,"href":"http:\/\/cotrimadvogados.adv.br\/index.php?rest_route=\/wp\/v2\/posts\/5319\/revisions"}],"wp:featuredmedia":[{"embeddable":true,"href":"http:\/\/cotrimadvogados.adv.br\/index.php?rest_route=\/wp\/v2\/media\/5320"}],"wp:attachment":[{"href":"http:\/\/cotrimadvogados.adv.br\/index.php?rest_route=%2Fwp%2Fv2%2Fmedia&parent=5319"}],"wp:term":[{"taxonomy":"category","embeddable":true,"href":"http:\/\/cotrimadvogados.adv.br\/index.php?rest_route=%2Fwp%2Fv2%2Fcategories&post=5319"},{"taxonomy":"post_tag","embeddable":true,"href":"http:\/\/cotrimadvogados.adv.br\/index.php?rest_route=%2Fwp%2Fv2%2Ftags&post=5319"}],"curies":[{"name":"wp","href":"https:\/\/api.w.org\/{rel}","templated":true}]}}