{"id":5331,"date":"2026-03-12T16:29:24","date_gmt":"2026-03-12T19:29:24","guid":{"rendered":"http:\/\/cotrimadvogados-adv-br.umbler.net\/?p=5331"},"modified":"2026-03-12T16:30:16","modified_gmt":"2026-03-12T19:30:16","slug":"tst-valida-dispensa-de-mulher-com-depressao-nao-relacionada-ao-labor","status":"publish","type":"post","link":"http:\/\/cotrimadvogados.adv.br\/?p=5331","title":{"rendered":"TST valida dispensa de mulher com depress\u00e3o n\u00e3o relacionada ao labor"},"content":{"rendered":"\n<p>A 1\u00aa turma do TST excluiu condena\u00e7\u00e3o de empresa a reintegrar uma engenheira de controle e automa\u00e7\u00e3o diagnosticada com depress\u00e3o ao ser dispensada. Segundo a turma, n\u00e3o ficou comprovado que ela estivesse incapacitada para o trabalho no momento da dispensa.<\/p>\n\n\n\n<p>Depress\u00e3o<\/p>\n\n\n\n<p>Na reclama\u00e7\u00e3o trabalhista, ajuizada em 2014, a engenheira disse que trabalhara para a montadora de maio de 2010 a outubro de 2012. Segundo ela, desde a admiss\u00e3o, sofrera forte press\u00e3o psicol\u00f3gica para o cumprimento de metas e resultados operacionais. O quadro agravou-se ao longo do contrato de trabalho, e, em janeiro de 2012, foi diagnosticada com transtorno de ansiedade, rea\u00e7\u00f5es ao estresse grave e transtorno de adapta\u00e7\u00e3o. Declarou tamb\u00e9m que, na data da dispensa, estava incapacitada, o que indicaria a nulidade do ato.&nbsp;<\/p>\n\n\n\n<p>Laudo<\/p>\n\n\n\n<p>O laudo pericial indicou que, mesmo afastada da empresa por mais de dois anos, a trabalhadora ainda apresentava sintomas de depress\u00e3o e ansiedade. Isso, segundo o perito, evidenciaria que as condi\u00e7\u00f5es de trabalho n\u00e3o foram as causadoras dos transtornos mistos de humor sofridos por ela. A per\u00edcia tamb\u00e9m n\u00e3o comprovou a incapacidade para o trabalho, pois a engenheira j\u00e1 estava empregada em outra empresa, na mesma fun\u00e7\u00e3o.&nbsp;<\/p>\n\n\n\n<p>Com base no laudo e em outros elementos do processo, o ju\u00edzo da 4\u00aa vara do Trabalho de Betim\/MG concluiu que n\u00e3o havia prova de ass\u00e9dio moral ou terror psicol\u00f3gico. Por outro lado, a per\u00edcia havia demonstrado a aus\u00eancia de nexo de causalidade entre a doen\u00e7a e o trabalho. Por isso, indeferiu o pedido de reintegra\u00e7\u00e3o e indeniza\u00e7\u00e3o.<\/p>\n\n\n\n<p>Tratamento<\/p>\n\n\n\n<p>J\u00e1 o TRT da 3\u00aa regi\u00e3o declarou nula a dispensa e condenou a empresa ao pagamento dos sal\u00e1rios e demais parcelas do per\u00edodo entre o desligamento e a reintegra\u00e7\u00e3o. Para o TRT, a engenheira estava doente e em tratamento m\u00e9dico quando foi dispensada, tanto que ficara afastada de janeiro a julho de 2012, com quadro depressivo grave.&nbsp;<\/p>\n\n\n\n<p>O relator do recurso de revista da montadora, ministro Amaury Rodrigues Pinto Junior, destacou que o laudo pericial foi conclusivo quanto \u00e0 n\u00e3o rela\u00e7\u00e3o do quadro depressivo com o trabalho e \u00e0 inexist\u00eancia de incapacidade laborativa da engenheira, que trabalhava em outra empresa ao ajuizar a a\u00e7\u00e3o. Dessa forma, embora a depress\u00e3o seja uma doen\u00e7a considerada grave, capaz de limitar as condi\u00e7\u00f5es f\u00edsicas, emocionais e psicol\u00f3gicas de uma pessoa, n\u00e3o h\u00e1 elementos probat\u00f3rios que confirmem o entendimento do TRT nem impedimento legal para a dispensa.<\/p>\n\n\n\n<p>Fonte: Migalhas<br>Disponivel em : <a rel=\"noreferrer noopener\" href=\"https:\/\/www.migalhas.com.br\/quentes\/382781\/tst-valida-dispensa-de-mulher-com-depressao-nao-relacionada-ao-labor\" target=\"_blank\">https:\/\/www.migalhas.com.br\/quentes\/382781\/tst-valida-dispensa-de-mulher-com-depressao-nao-relacionada-ao-labor<\/a><\/p>\n","protected":false},"excerpt":{"rendered":"<p>A 1\u00aa turma do TST excluiu condena\u00e7\u00e3o de empresa a reintegrar uma engenheira de controle e automa\u00e7\u00e3o diagnosticada com depress\u00e3o ao ser dispensada. Segundo a turma, n\u00e3o ficou comprovado que ela estivesse incapacitada para o trabalho no momento da dispensa. Depress\u00e3o Na reclama\u00e7\u00e3o trabalhista, ajuizada em 2014, a engenheira disse que trabalhara para a montadora [&hellip;]<\/p>\n","protected":false},"author":1,"featured_media":5332,"comment_status":"closed","ping_status":"closed","sticky":false,"template":"","format":"standard","meta":{"site-sidebar-layout":"default","site-content-layout":"default","ast-site-content-layout":"default","site-content-style":"default","site-sidebar-style":"default","ast-global-header-display":"","ast-banner-title-visibility":"","ast-main-header-display":"","ast-hfb-above-header-display":"","ast-hfb-below-header-display":"","ast-hfb-mobile-header-display":"","site-post-title":"","ast-breadcrumbs-content":"","ast-featured-img":"","footer-sml-layout":"","ast-disable-related-posts":"","theme-transparent-header-meta":"default","adv-header-id-meta":"","stick-header-meta":"","header-above-stick-meta":"","header-main-stick-meta":"","header-below-stick-meta":"","astra-migrate-meta-layouts":"default","ast-page-background-enabled":"default","ast-page-background-meta":{"desktop":{"background-color":"","background-image":"","background-repeat":"repeat","background-position":"center center","background-size":"auto","background-attachment":"scroll","background-type":"","background-media":"","overlay-type":"","overlay-color":"","overlay-opacity":"","overlay-gradient":""},"tablet":{"background-color":"","background-image":"","background-repeat":"repeat","background-position":"center center","background-size":"auto","background-attachment":"scroll","background-type":"","background-media":"","overlay-type":"","overlay-color":"","overlay-opacity":"","overlay-gradient":""},"mobile":{"background-color":"","background-image":"","background-repeat":"repeat","background-position":"center center","background-size":"auto","background-attachment":"scroll","background-type":"","background-media":"","overlay-type":"","overlay-color":"","overlay-opacity":"","overlay-gradient":""}},"ast-content-background-meta":{"desktop":{"background-color":"var(--ast-global-color-5)","background-image":"","background-repeat":"repeat","background-position":"center center","background-size":"auto","background-attachment":"scroll","background-type":"","background-media":"","overlay-type":"","overlay-color":"","overlay-opacity":"","overlay-gradient":""},"tablet":{"background-color":"var(--ast-global-color-5)","background-image":"","background-repeat":"repeat","background-position":"center center","background-size":"auto","background-attachment":"scroll","background-type":"","background-media":"","overlay-type":"","overlay-color":"","overlay-opacity":"","overlay-gradient":""},"mobile":{"background-color":"var(--ast-global-color-5)","background-image":"","background-repeat":"repeat","background-position":"center center","background-size":"auto","background-attachment":"scroll","background-type":"","background-media":"","overlay-type":"","overlay-color":"","overlay-opacity":"","overlay-gradient":""}},"footnotes":""},"categories":[1],"tags":[],"class_list":["post-5331","post","type-post","status-publish","format-standard","has-post-thumbnail","hentry","category-sem-categoria"],"_links":{"self":[{"href":"http:\/\/cotrimadvogados.adv.br\/index.php?rest_route=\/wp\/v2\/posts\/5331","targetHints":{"allow":["GET"]}}],"collection":[{"href":"http:\/\/cotrimadvogados.adv.br\/index.php?rest_route=\/wp\/v2\/posts"}],"about":[{"href":"http:\/\/cotrimadvogados.adv.br\/index.php?rest_route=\/wp\/v2\/types\/post"}],"author":[{"embeddable":true,"href":"http:\/\/cotrimadvogados.adv.br\/index.php?rest_route=\/wp\/v2\/users\/1"}],"replies":[{"embeddable":true,"href":"http:\/\/cotrimadvogados.adv.br\/index.php?rest_route=%2Fwp%2Fv2%2Fcomments&post=5331"}],"version-history":[{"count":0,"href":"http:\/\/cotrimadvogados.adv.br\/index.php?rest_route=\/wp\/v2\/posts\/5331\/revisions"}],"wp:featuredmedia":[{"embeddable":true,"href":"http:\/\/cotrimadvogados.adv.br\/index.php?rest_route=\/wp\/v2\/media\/5332"}],"wp:attachment":[{"href":"http:\/\/cotrimadvogados.adv.br\/index.php?rest_route=%2Fwp%2Fv2%2Fmedia&parent=5331"}],"wp:term":[{"taxonomy":"category","embeddable":true,"href":"http:\/\/cotrimadvogados.adv.br\/index.php?rest_route=%2Fwp%2Fv2%2Fcategories&post=5331"},{"taxonomy":"post_tag","embeddable":true,"href":"http:\/\/cotrimadvogados.adv.br\/index.php?rest_route=%2Fwp%2Fv2%2Ftags&post=5331"}],"curies":[{"name":"wp","href":"https:\/\/api.w.org\/{rel}","templated":true}]}}