{"id":5375,"date":"2026-03-12T17:14:39","date_gmt":"2026-03-12T20:14:39","guid":{"rendered":"http:\/\/cotrimadvogados-adv-br.umbler.net\/?p=5375"},"modified":"2026-03-12T17:14:39","modified_gmt":"2026-03-12T20:14:39","slug":"apesar-de-abusos-lava-jato-ainda-e-dominante-no-mpf-diz-cientista-politico","status":"publish","type":"post","link":"http:\/\/cotrimadvogados.adv.br\/?p=5375","title":{"rendered":"Apesar de abusos, &#8216;lava jato&#8217; ainda \u00e9 dominante no MPF, diz cientista pol\u00edtico"},"content":{"rendered":"\n<p>Apesar de todos os abusos e ilegalidades cometidos por procuradores \u2014 al\u00e9m de magistrados e policiais \u2014, a &#8220;lava jato&#8221; ainda \u00e9 hegem\u00f4nica no Minist\u00e9rio P\u00fablico Federal. Por isso o chefe da autodenominada for\u00e7a-tarefa do caso, Deltan Dallagnol, e outros que atuaram no caso n\u00e3o foram punidos, com rar\u00edssimas exce\u00e7\u00f5es. \u00c9 o que afirma o cientista pol\u00edtico\u00a0<strong>Rafael Rodrigues Viegas<\/strong>.<br><\/p>\n\n\n\n<p>Para o pesquisador, esse fator \u00e9 importante para o &#8220;corporativismo predat\u00f3rio&#8221; predominante no MPF, &#8220;que n\u00e3o aceita retrocessos, n\u00e3o aceita perder privil\u00e9gios nem espa\u00e7os de atua\u00e7\u00e3o&#8221;. &#8220;\u00c0s vezes parece que Dallagnol pode tudo. Uns procuradores podem mais do que outros. Por muito menos, procuradores foram punidos por cr\u00edticas feitas \u00e0 &#8216;lava jato'&#8221;, aponta.<\/p>\n\n\n\n<p>Viegas lan\u00e7a nesta ter\u00e7a-feira (6\/6) o livro&nbsp;<a href=\"https:\/\/www.amanuense.com.br\/produtos\/caminhosdapoliticanompf\/\" target=\"_blank\" rel=\"noreferrer noopener\"><em>Caminhos da pol\u00edtica no Minist\u00e9rio P\u00fablico Federal<\/em><\/a>. A obra \u00e9 fruto de sua tese de doutorado em Administra\u00e7\u00e3o P\u00fablica e Governo pela Funda\u00e7\u00e3o Getulio Vargas. Ele tamb\u00e9m \u00e9 mestre em Ci\u00eancia Pol\u00edtica e bacharel em Direito.<\/p>\n\n\n\n<p>No livro, Viegas mostra como a pol\u00edtica \u00e9 exercida no MPF. Um dos principais meios para isso s\u00e3o as designa\u00e7\u00f5es para cargos de dire\u00e7\u00e3o ou em for\u00e7as-tarefa. Como n\u00e3o h\u00e1 crit\u00e9rios objetivos para as designa\u00e7\u00f5es, elas s\u00e3o influenciadas pelas rela\u00e7\u00f5es pessoais e acabam beneficiando aliados.<br><\/p>\n\n\n\n<p>O cientista pol\u00edtico destaca o papel da Associa\u00e7\u00e3o Nacional dos Procuradores da Rep\u00fablica (ANPR). J\u00e1 que integrantes do MP s\u00e3o proibidos de se filiar a partidos e disputar elei\u00e7\u00f5es a cargos eletivos sem deixar a carreira, a associa\u00e7\u00e3o acabou se tornando o caminho principal para&nbsp;procuradores participarem da vida pol\u00edtica.<\/p>\n\n\n\n<p>A ANPR, uma entidade privada, usa a estrutura de comunica\u00e7\u00e3o do MPF para veicular a defesa de seus interesses. E promove o assessoramento de parlamentares, atividade vedada a procuradores, ressalta o cientista pol\u00edtico.<\/p>\n\n\n\n<p>A associa\u00e7\u00e3o tamb\u00e9m \u00e9 respons\u00e1vel pela elabora\u00e7\u00e3o da lista tr\u00edplice para a escolha do procurador-geral da Rep\u00fablica. A pr\u00e1tica \u00e9 resultado de um &#8220;processo de oligarquiza\u00e7\u00e3o do Minist\u00e9rio P\u00fablico Federal&#8221; e representa interesses privados, diz Viegas.<\/p>\n\n\n\n<p>O pesquisador menciona no livro que, nos \u00faltimos anos, o MPF se voltou para o combate \u00e0 corrup\u00e7\u00e3o, em detrimento de outras atribui\u00e7\u00f5es, como a defesa de direitos coletivos em \u00e1reas como sa\u00fade e educa\u00e7\u00e3o. Esse foco, segundo ele, se deve \u00e0 agenda de lideran\u00e7as da institui\u00e7\u00e3o e n\u00e3o respeita seus objetivos oficiais, estabelecidos na Constitui\u00e7\u00e3o e na Lei Org\u00e2nica do Minist\u00e9rio P\u00fablico da Uni\u00e3o (Lei Complementar 75\/1993).<\/p>\n\n\n\n<p>A prioriza\u00e7\u00e3o do combate \u00e0 corrup\u00e7\u00e3o foi usada por Dallagnol e pelo ex-juiz Sergio Moro para se elegerem, respectivamente, deputado federal e senador pelo Paran\u00e1 \u2014 o ex-procurador teve seu mandato cassado pelo Tribunal Superior Eleitoral. Para evitar o uso pol\u00edtico das institui\u00e7\u00f5es de Justi\u00e7a, Viegas defende a imposi\u00e7\u00e3o de quarentena para os servidores dessas carreiras se candidatarem a cargos eletivos.<\/p>\n\n\n\n<p>O livro\u00a0<a rel=\"noreferrer noopener\" href=\"https:\/\/www.amanuense.com.br\/produtos\/caminhosdapoliticanompf\/\" target=\"_blank\"><em>Caminhos da Pol\u00edtica no Minist\u00e9rio P\u00fablico Federal<\/em><\/a>\u00a0ser\u00e1 lan\u00e7ado nesta ter\u00e7a, \u00e0s 10h30, durante o Encontro Brasileiro de Administra\u00e7\u00e3o P\u00fablica. O evento acontece no IDP Norte, que fica na SGAN 609, M\u00f3dulo A, Asa Norte, em Bras\u00edlia.<br><br>Disponivel em: <a rel=\"noreferrer noopener\" href=\"https:\/\/www.conjur.com.br\/2023-jun-06\/entrevista-rafael-rodrigues-viegas-cientista-politico\" target=\"_blank\">https:\/\/www.conjur.com.br\/2023-jun-06\/entrevista-rafael-rodrigues-viegas-cientista-politico<\/a><\/p>\n","protected":false},"excerpt":{"rendered":"<p>Apesar de todos os abusos e ilegalidades cometidos por procuradores \u2014 al\u00e9m de magistrados e policiais \u2014, a &#8220;lava jato&#8221; ainda \u00e9 hegem\u00f4nica no Minist\u00e9rio P\u00fablico Federal. Por isso o chefe da autodenominada for\u00e7a-tarefa do caso, Deltan Dallagnol, e outros que atuaram no caso n\u00e3o foram punidos, com rar\u00edssimas exce\u00e7\u00f5es. \u00c9 o que afirma o [&hellip;]<\/p>\n","protected":false},"author":1,"featured_media":5376,"comment_status":"closed","ping_status":"open","sticky":false,"template":"","format":"standard","meta":{"site-sidebar-layout":"default","site-content-layout":"default","ast-site-content-layout":"default","site-content-style":"default","site-sidebar-style":"default","ast-global-header-display":"","ast-banner-title-visibility":"","ast-main-header-display":"","ast-hfb-above-header-display":"","ast-hfb-below-header-display":"","ast-hfb-mobile-header-display":"","site-post-title":"","ast-breadcrumbs-content":"","ast-featured-img":"","footer-sml-layout":"","ast-disable-related-posts":"","theme-transparent-header-meta":"default","adv-header-id-meta":"","stick-header-meta":"","header-above-stick-meta":"","header-main-stick-meta":"","header-below-stick-meta":"","astra-migrate-meta-layouts":"default","ast-page-background-enabled":"default","ast-page-background-meta":{"desktop":{"background-color":"","background-image":"","background-repeat":"repeat","background-position":"center center","background-size":"auto","background-attachment":"scroll","background-type":"","background-media":"","overlay-type":"","overlay-color":"","overlay-opacity":"","overlay-gradient":""},"tablet":{"background-color":"","background-image":"","background-repeat":"repeat","background-position":"center center","background-size":"auto","background-attachment":"scroll","background-type":"","background-media":"","overlay-type":"","overlay-color":"","overlay-opacity":"","overlay-gradient":""},"mobile":{"background-color":"","background-image":"","background-repeat":"repeat","background-position":"center center","background-size":"auto","background-attachment":"scroll","background-type":"","background-media":"","overlay-type":"","overlay-color":"","overlay-opacity":"","overlay-gradient":""}},"ast-content-background-meta":{"desktop":{"background-color":"var(--ast-global-color-5)","background-image":"","background-repeat":"repeat","background-position":"center center","background-size":"auto","background-attachment":"scroll","background-type":"","background-media":"","overlay-type":"","overlay-color":"","overlay-opacity":"","overlay-gradient":""},"tablet":{"background-color":"var(--ast-global-color-5)","background-image":"","background-repeat":"repeat","background-position":"center center","background-size":"auto","background-attachment":"scroll","background-type":"","background-media":"","overlay-type":"","overlay-color":"","overlay-opacity":"","overlay-gradient":""},"mobile":{"background-color":"var(--ast-global-color-5)","background-image":"","background-repeat":"repeat","background-position":"center center","background-size":"auto","background-attachment":"scroll","background-type":"","background-media":"","overlay-type":"","overlay-color":"","overlay-opacity":"","overlay-gradient":""}},"footnotes":""},"categories":[13,1],"tags":[],"class_list":["post-5375","post","type-post","status-publish","format-standard","has-post-thumbnail","hentry","category-direito-empresarial","category-sem-categoria"],"_links":{"self":[{"href":"http:\/\/cotrimadvogados.adv.br\/index.php?rest_route=\/wp\/v2\/posts\/5375","targetHints":{"allow":["GET"]}}],"collection":[{"href":"http:\/\/cotrimadvogados.adv.br\/index.php?rest_route=\/wp\/v2\/posts"}],"about":[{"href":"http:\/\/cotrimadvogados.adv.br\/index.php?rest_route=\/wp\/v2\/types\/post"}],"author":[{"embeddable":true,"href":"http:\/\/cotrimadvogados.adv.br\/index.php?rest_route=\/wp\/v2\/users\/1"}],"replies":[{"embeddable":true,"href":"http:\/\/cotrimadvogados.adv.br\/index.php?rest_route=%2Fwp%2Fv2%2Fcomments&post=5375"}],"version-history":[{"count":0,"href":"http:\/\/cotrimadvogados.adv.br\/index.php?rest_route=\/wp\/v2\/posts\/5375\/revisions"}],"wp:featuredmedia":[{"embeddable":true,"href":"http:\/\/cotrimadvogados.adv.br\/index.php?rest_route=\/wp\/v2\/media\/5376"}],"wp:attachment":[{"href":"http:\/\/cotrimadvogados.adv.br\/index.php?rest_route=%2Fwp%2Fv2%2Fmedia&parent=5375"}],"wp:term":[{"taxonomy":"category","embeddable":true,"href":"http:\/\/cotrimadvogados.adv.br\/index.php?rest_route=%2Fwp%2Fv2%2Fcategories&post=5375"},{"taxonomy":"post_tag","embeddable":true,"href":"http:\/\/cotrimadvogados.adv.br\/index.php?rest_route=%2Fwp%2Fv2%2Ftags&post=5375"}],"curies":[{"name":"wp","href":"https:\/\/api.w.org\/{rel}","templated":true}]}}