{"id":5401,"date":"2026-03-12T17:14:37","date_gmt":"2026-03-12T20:14:37","guid":{"rendered":"http:\/\/cotrimadvogados-adv-br.umbler.net\/?p=5401"},"modified":"2026-03-12T17:14:37","modified_gmt":"2026-03-12T20:14:37","slug":"decisao-que-nao-aprecia-tese-suscitada-em-alegacoes-finais-e-nula-decide-tj-sp","status":"publish","type":"post","link":"http:\/\/cotrimadvogados.adv.br\/?p=5401","title":{"rendered":"Decis\u00e3o que n\u00e3o aprecia tese suscitada em alega\u00e7\u00f5es finais \u00e9 nula, decide TJ-SP"},"content":{"rendered":"\n<p>\u00c9 nula a decis\u00e3o que deixa de apreciar a tese apresentada em alega\u00e7\u00f5es finais, j\u00e1 que a an\u00e1lise\u00a0apenas em segundo grau de jurisdi\u00e7\u00e3o resultaria\u00a0em supress\u00e3o de inst\u00e2ncia.<br><br>Esse entendimento \u00e9 da\u00a08\u00aa C\u00e2mara de Direito Criminal do Tribunal de Justi\u00e7a de S\u00e3o Paulo, que\u00a0anulou uma decis\u00e3o\u00a0de primeiro grau\u00a0porque o magistrado n\u00e3o apreciou a tese de nulidade apresentada\u00a0em preliminar pela defesa de um detento.<\/p>\n\n\n\n<p>O caso julgado \u00e9 o da homologa\u00e7\u00e3o de&nbsp;uma&nbsp;falta disciplinar grave cometida pelo preso,&nbsp;com determina\u00e7\u00e3o de&nbsp;retorno ao&nbsp;regime fechado e&nbsp;perda de um ter\u00e7o do tempo remido, bem como da interrup\u00e7\u00e3o do c\u00e1lculo de penas para fins de progress\u00e3o de regime.&nbsp;<\/p>\n\n\n\n<p>A defesa sustentou, em preliminar, a nulidade do interrogat\u00f3rio do preso, que foi feito\u00a0sem a presen\u00e7a de defensor constitu\u00eddo. Por\u00e9m, a tese n\u00e3o foi devidamente apreciada pelo ju\u00edzo de origem, o que levou o TJ-SP a anular a decis\u00e3o, nos termos do voto do relator, desembargador\u00a0Luis Augusto de Sampaio Arruda.<\/p>\n\n\n\n<p>&#8220;Em que pesem as contrarraz\u00f5es do Minist\u00e9rio P\u00fablico, imp\u00f5e-se o reconhecimento da nulidade da decis\u00e3o que homologou a falta grave pela n\u00e3o aprecia\u00e7\u00e3o do pedido da defesa de reconhecimento da nulidade pelo interrogat\u00f3rio ter sido realizado sem a presen\u00e7a de defensor constitu\u00eddo.&#8221;<\/p>\n\n\n\n<p>Para o magistrado,&nbsp;a decis\u00e3o de primeiro grau n\u00e3o&nbsp;apresentou quaisquer refer\u00eancias ou esclarecimentos relativos \u00e0 nulidade suscitada pela defesa, &#8220;sendo certo que o fato de se afirmar que o sentenciado foi ouvido e negou os fatos, por si s\u00f3, n\u00e3o refuta as alega\u00e7\u00f5es da defesa neste ponto&#8221;.<\/p>\n\n\n\n<p>&#8220;\u00c9&nbsp;nula a decis\u00e3o que se omite na aprecia\u00e7\u00e3o das teses aventadas pela defesa em alega\u00e7\u00f5es finais, n\u00e3o se podendo cogitar de rejei\u00e7\u00e3o impl\u00edcita por argumentos gen\u00e9ricos, uma vez que o julgador deve apreciar todas as quest\u00f5es arguidas pelas partes, sob pena de denega\u00e7\u00e3o da presta\u00e7\u00e3o jurisdicional&#8221;, acrescentou o magistrado.<\/p>\n\n\n\n<p>Al\u00e9m disso, segundo o relator, a aprecia\u00e7\u00e3o da tese pela turma julgadora resultaria em supress\u00e3o de inst\u00e2ncia.\u00a0Com isso, Arruda\u00a0determinou o retorno dos autos \u00e0 vara de origem para que seja proferida nova decis\u00e3o, desta vez apreciando todas as teses defensivas. A decis\u00e3o foi un\u00e2nime.<br><br>Fonte: ConJur<br>Disponivel em: <a rel=\"noreferrer noopener\" href=\"https:\/\/www.conjur.com.br\/2023-mai-12\/decisao-nao-aprecia-tese-suscitada-alegacoes-finais-nula\" target=\"_blank\">https:\/\/www.conjur.com.br\/2023-mai-12\/decisao-nao-aprecia-tese-suscitada-alegacoes-finais-nula<\/a><\/p>\n","protected":false},"excerpt":{"rendered":"<p>\u00c9 nula a decis\u00e3o que deixa de apreciar a tese apresentada em alega\u00e7\u00f5es finais, j\u00e1 que a an\u00e1lise\u00a0apenas em segundo grau de jurisdi\u00e7\u00e3o resultaria\u00a0em supress\u00e3o de inst\u00e2ncia. Esse entendimento \u00e9 da\u00a08\u00aa C\u00e2mara de Direito Criminal do Tribunal de Justi\u00e7a de S\u00e3o Paulo, que\u00a0anulou uma decis\u00e3o\u00a0de primeiro grau\u00a0porque o magistrado n\u00e3o apreciou a tese de nulidade [&hellip;]<\/p>\n","protected":false},"author":1,"featured_media":5402,"comment_status":"closed","ping_status":"open","sticky":false,"template":"","format":"standard","meta":{"site-sidebar-layout":"default","site-content-layout":"default","ast-site-content-layout":"default","site-content-style":"default","site-sidebar-style":"default","ast-global-header-display":"","ast-banner-title-visibility":"","ast-main-header-display":"","ast-hfb-above-header-display":"","ast-hfb-below-header-display":"","ast-hfb-mobile-header-display":"","site-post-title":"","ast-breadcrumbs-content":"","ast-featured-img":"","footer-sml-layout":"","ast-disable-related-posts":"","theme-transparent-header-meta":"default","adv-header-id-meta":"","stick-header-meta":"","header-above-stick-meta":"","header-main-stick-meta":"","header-below-stick-meta":"","astra-migrate-meta-layouts":"default","ast-page-background-enabled":"default","ast-page-background-meta":{"desktop":{"background-color":"","background-image":"","background-repeat":"repeat","background-position":"center center","background-size":"auto","background-attachment":"scroll","background-type":"","background-media":"","overlay-type":"","overlay-color":"","overlay-opacity":"","overlay-gradient":""},"tablet":{"background-color":"","background-image":"","background-repeat":"repeat","background-position":"center center","background-size":"auto","background-attachment":"scroll","background-type":"","background-media":"","overlay-type":"","overlay-color":"","overlay-opacity":"","overlay-gradient":""},"mobile":{"background-color":"","background-image":"","background-repeat":"repeat","background-position":"center center","background-size":"auto","background-attachment":"scroll","background-type":"","background-media":"","overlay-type":"","overlay-color":"","overlay-opacity":"","overlay-gradient":""}},"ast-content-background-meta":{"desktop":{"background-color":"var(--ast-global-color-5)","background-image":"","background-repeat":"repeat","background-position":"center center","background-size":"auto","background-attachment":"scroll","background-type":"","background-media":"","overlay-type":"","overlay-color":"","overlay-opacity":"","overlay-gradient":""},"tablet":{"background-color":"var(--ast-global-color-5)","background-image":"","background-repeat":"repeat","background-position":"center center","background-size":"auto","background-attachment":"scroll","background-type":"","background-media":"","overlay-type":"","overlay-color":"","overlay-opacity":"","overlay-gradient":""},"mobile":{"background-color":"var(--ast-global-color-5)","background-image":"","background-repeat":"repeat","background-position":"center center","background-size":"auto","background-attachment":"scroll","background-type":"","background-media":"","overlay-type":"","overlay-color":"","overlay-opacity":"","overlay-gradient":""}},"footnotes":""},"categories":[13,1],"tags":[],"class_list":["post-5401","post","type-post","status-publish","format-standard","has-post-thumbnail","hentry","category-direito-empresarial","category-sem-categoria"],"_links":{"self":[{"href":"http:\/\/cotrimadvogados.adv.br\/index.php?rest_route=\/wp\/v2\/posts\/5401","targetHints":{"allow":["GET"]}}],"collection":[{"href":"http:\/\/cotrimadvogados.adv.br\/index.php?rest_route=\/wp\/v2\/posts"}],"about":[{"href":"http:\/\/cotrimadvogados.adv.br\/index.php?rest_route=\/wp\/v2\/types\/post"}],"author":[{"embeddable":true,"href":"http:\/\/cotrimadvogados.adv.br\/index.php?rest_route=\/wp\/v2\/users\/1"}],"replies":[{"embeddable":true,"href":"http:\/\/cotrimadvogados.adv.br\/index.php?rest_route=%2Fwp%2Fv2%2Fcomments&post=5401"}],"version-history":[{"count":0,"href":"http:\/\/cotrimadvogados.adv.br\/index.php?rest_route=\/wp\/v2\/posts\/5401\/revisions"}],"wp:featuredmedia":[{"embeddable":true,"href":"http:\/\/cotrimadvogados.adv.br\/index.php?rest_route=\/wp\/v2\/media\/5402"}],"wp:attachment":[{"href":"http:\/\/cotrimadvogados.adv.br\/index.php?rest_route=%2Fwp%2Fv2%2Fmedia&parent=5401"}],"wp:term":[{"taxonomy":"category","embeddable":true,"href":"http:\/\/cotrimadvogados.adv.br\/index.php?rest_route=%2Fwp%2Fv2%2Fcategories&post=5401"},{"taxonomy":"post_tag","embeddable":true,"href":"http:\/\/cotrimadvogados.adv.br\/index.php?rest_route=%2Fwp%2Fv2%2Ftags&post=5401"}],"curies":[{"name":"wp","href":"https:\/\/api.w.org\/{rel}","templated":true}]}}