{"id":5468,"date":"2026-03-12T16:29:25","date_gmt":"2026-03-12T19:29:25","guid":{"rendered":"http:\/\/cotrimadvogados-adv-br.umbler.net\/?p=5468"},"modified":"2026-03-12T16:30:17","modified_gmt":"2026-03-12T19:30:17","slug":"stj-contrato-nulo-nao-afasta-dever-de-pagar-por-servico-prestado","status":"publish","type":"post","link":"http:\/\/cotrimadvogados.adv.br\/?p=5468","title":{"rendered":"STJ: Contrato nulo n\u00e3o afasta dever de pagar por servi\u00e7o prestado"},"content":{"rendered":"\n<p>Para a 2\u00aa turma do STJ, na hip\u00f3tese de contrato verbal sem licita\u00e7\u00e3o, o poder p\u00fablico tem a obriga\u00e7\u00e3o de indenizar a presta\u00e7\u00e3o de servi\u00e7os, ainda que eles tenham sido subcontratados e realizados por terceiros, desde que haja provas da subcontrata\u00e7\u00e3o e de que os servi\u00e7os terceirizados tenham revertido em benef\u00edcio da administra\u00e7\u00e3o p\u00fablica.&nbsp;<\/p>\n\n\n\n<p>O entendimento foi estabelecido pelo colegiado ao reformar&nbsp;ac\u00f3rd\u00e3o&nbsp;que considerou descabido o munic\u00edpio de Bento Gon\u00e7alves\/RS pagar por servi\u00e7os de terraplanagem subcontratados sem autoriza\u00e7\u00e3o, sob o fundamento de viola\u00e7\u00e3o ao&nbsp;art. 72 da lei 8.666\/93.<\/p>\n\n\n\n<p>O caso teve origem em a\u00e7\u00e3o de cobran\u00e7a ajuizada por uma empresa de terraplanagem contra o munic\u00edpio ga\u00facho, para que o ente p\u00fablico a indenizasse pela presta\u00e7\u00e3o de servi\u00e7os contratados verbalmente.<\/p>\n\n\n\n<p>Em contesta\u00e7\u00e3o, o munic\u00edpio alegou que n\u00e3o houve a comprova\u00e7\u00e3o da contrata\u00e7\u00e3o e que, mesmo se fosse reconhecido o acordo, seria vedada a subcontrata\u00e7\u00e3o dos servi\u00e7os nos moldes realizados.<\/p>\n\n\n\n<p>Em 1\u00ba grau, o munic\u00edpio foi condenado a indenizar a empresa pelos servi\u00e7os efetivamente prestados e que n\u00e3o foram objeto de subcontrata\u00e7\u00e3o. O TJ\/RS apenas ajustou os \u00edndices de corre\u00e7\u00e3o monet\u00e1ria e juros de&nbsp;mora.<\/p>\n\n\n\n<p>Segundo a Corte estadual, a subcontrata\u00e7\u00e3o dos servi\u00e7os acordada verbalmente com a empresa s\u00f3 poderia ocorrer com autoriza\u00e7\u00e3o expressa da administra\u00e7\u00e3o, o que n\u00e3o foi comprovado no caso.<\/p>\n\n\n\n<p>Pagamento por servi\u00e7os<\/p>\n\n\n\n<p>Relator do recurso, ministro Herman Benjamin, apontou que a jurisprud\u00eancia do STJ est\u00e1 orientada no sentido de que, mesmo sendo nulo o contrato firmado sem licita\u00e7\u00e3o pr\u00e9via, \u00e9 devido o pagamento pelos servi\u00e7os efetivamente prestados, nos termos do&nbsp;art. 59 da lei 8.666\/93, sob pena de enriquecimento il\u00edcito da administra\u00e7\u00e3o p\u00fablica.<\/p>\n\n\n\n<p>&#8220;O STJ reconhece, ademais, que, ainda que ausente a boa-f\u00e9 do contratado e que tenha ele concorrido para a nulidade, \u00e9 devida a indeniza\u00e7\u00e3o pelo custo b\u00e1sico do servi\u00e7o, sem qualquer margem de lucro.&#8221;<\/p>\n\n\n\n<p>De acordo com o ministro e relator, o fato de n\u00e3o haver autoriza\u00e7\u00e3o da administra\u00e7\u00e3o para a subcontrata\u00e7\u00e3o n\u00e3o \u00e9 suficiente para afastar o dever de indeniza\u00e7\u00e3o, como no caso analisado, tendo em vista que a pr\u00f3pria contrata\u00e7\u00e3o da empresa foi irregular, pois foi feita sem licita\u00e7\u00e3o e mediante contrato verbal.&nbsp;<\/p>\n\n\n\n<p>&#8220;Assim, desde que provadas a exist\u00eancia de subcontrata\u00e7\u00e3o e a efetiva presta\u00e7\u00e3o de servi\u00e7os, ainda que por terceiros, e que tais servi\u00e7os se reverteram em benef\u00edcio da administra\u00e7\u00e3o, ser\u00e1 devida a indeniza\u00e7\u00e3o dos respectivos valores.&#8221;<\/p>\n\n\n\n<p>Fonte: Migalhas<br>Disponivel em: <a rel=\"noreferrer noopener\" href=\"https:\/\/www.migalhas.com.br\/quentes\/389601\/stj-contrato-nulo-nao-afasta-dever-de-pagar-por-servico-prestado\" target=\"_blank\">https:\/\/www.migalhas.com.br\/quentes\/389601\/stj-contrato-nulo-nao-afasta-dever-de-pagar-por-servico-p&#8230;<\/a><\/p>\n","protected":false},"excerpt":{"rendered":"<p>Para a 2\u00aa turma do STJ, na hip\u00f3tese de contrato verbal sem licita\u00e7\u00e3o, o poder p\u00fablico tem a obriga\u00e7\u00e3o de indenizar a presta\u00e7\u00e3o de servi\u00e7os, ainda que eles tenham sido subcontratados e realizados por terceiros, desde que haja provas da subcontrata\u00e7\u00e3o e de que os servi\u00e7os terceirizados tenham revertido em benef\u00edcio da administra\u00e7\u00e3o p\u00fablica.&nbsp; O [&hellip;]<\/p>\n","protected":false},"author":1,"featured_media":5469,"comment_status":"closed","ping_status":"closed","sticky":false,"template":"","format":"standard","meta":{"site-sidebar-layout":"default","site-content-layout":"default","ast-site-content-layout":"default","site-content-style":"default","site-sidebar-style":"default","ast-global-header-display":"","ast-banner-title-visibility":"","ast-main-header-display":"","ast-hfb-above-header-display":"","ast-hfb-below-header-display":"","ast-hfb-mobile-header-display":"","site-post-title":"","ast-breadcrumbs-content":"","ast-featured-img":"","footer-sml-layout":"","ast-disable-related-posts":"","theme-transparent-header-meta":"default","adv-header-id-meta":"","stick-header-meta":"","header-above-stick-meta":"","header-main-stick-meta":"","header-below-stick-meta":"","astra-migrate-meta-layouts":"default","ast-page-background-enabled":"default","ast-page-background-meta":{"desktop":{"background-color":"","background-image":"","background-repeat":"repeat","background-position":"center center","background-size":"auto","background-attachment":"scroll","background-type":"","background-media":"","overlay-type":"","overlay-color":"","overlay-opacity":"","overlay-gradient":""},"tablet":{"background-color":"","background-image":"","background-repeat":"repeat","background-position":"center center","background-size":"auto","background-attachment":"scroll","background-type":"","background-media":"","overlay-type":"","overlay-color":"","overlay-opacity":"","overlay-gradient":""},"mobile":{"background-color":"","background-image":"","background-repeat":"repeat","background-position":"center center","background-size":"auto","background-attachment":"scroll","background-type":"","background-media":"","overlay-type":"","overlay-color":"","overlay-opacity":"","overlay-gradient":""}},"ast-content-background-meta":{"desktop":{"background-color":"var(--ast-global-color-5)","background-image":"","background-repeat":"repeat","background-position":"center center","background-size":"auto","background-attachment":"scroll","background-type":"","background-media":"","overlay-type":"","overlay-color":"","overlay-opacity":"","overlay-gradient":""},"tablet":{"background-color":"var(--ast-global-color-5)","background-image":"","background-repeat":"repeat","background-position":"center center","background-size":"auto","background-attachment":"scroll","background-type":"","background-media":"","overlay-type":"","overlay-color":"","overlay-opacity":"","overlay-gradient":""},"mobile":{"background-color":"var(--ast-global-color-5)","background-image":"","background-repeat":"repeat","background-position":"center center","background-size":"auto","background-attachment":"scroll","background-type":"","background-media":"","overlay-type":"","overlay-color":"","overlay-opacity":"","overlay-gradient":""}},"footnotes":""},"categories":[1],"tags":[],"class_list":["post-5468","post","type-post","status-publish","format-standard","has-post-thumbnail","hentry","category-sem-categoria"],"_links":{"self":[{"href":"http:\/\/cotrimadvogados.adv.br\/index.php?rest_route=\/wp\/v2\/posts\/5468","targetHints":{"allow":["GET"]}}],"collection":[{"href":"http:\/\/cotrimadvogados.adv.br\/index.php?rest_route=\/wp\/v2\/posts"}],"about":[{"href":"http:\/\/cotrimadvogados.adv.br\/index.php?rest_route=\/wp\/v2\/types\/post"}],"author":[{"embeddable":true,"href":"http:\/\/cotrimadvogados.adv.br\/index.php?rest_route=\/wp\/v2\/users\/1"}],"replies":[{"embeddable":true,"href":"http:\/\/cotrimadvogados.adv.br\/index.php?rest_route=%2Fwp%2Fv2%2Fcomments&post=5468"}],"version-history":[{"count":0,"href":"http:\/\/cotrimadvogados.adv.br\/index.php?rest_route=\/wp\/v2\/posts\/5468\/revisions"}],"wp:featuredmedia":[{"embeddable":true,"href":"http:\/\/cotrimadvogados.adv.br\/index.php?rest_route=\/wp\/v2\/media\/5469"}],"wp:attachment":[{"href":"http:\/\/cotrimadvogados.adv.br\/index.php?rest_route=%2Fwp%2Fv2%2Fmedia&parent=5468"}],"wp:term":[{"taxonomy":"category","embeddable":true,"href":"http:\/\/cotrimadvogados.adv.br\/index.php?rest_route=%2Fwp%2Fv2%2Fcategories&post=5468"},{"taxonomy":"post_tag","embeddable":true,"href":"http:\/\/cotrimadvogados.adv.br\/index.php?rest_route=%2Fwp%2Fv2%2Ftags&post=5468"}],"curies":[{"name":"wp","href":"https:\/\/api.w.org\/{rel}","templated":true}]}}