{"id":5480,"date":"2026-03-12T16:29:27","date_gmt":"2026-03-12T19:29:27","guid":{"rendered":"http:\/\/cotrimadvogados-adv-br.umbler.net\/?p=5480"},"modified":"2026-03-12T16:30:19","modified_gmt":"2026-03-12T19:30:19","slug":"stf-invalida-trechos-da-lei-dos-caminhoneiros-referentes-a-descanso","status":"publish","type":"post","link":"http:\/\/cotrimadvogados.adv.br\/?p=5480","title":{"rendered":"STF invalida trechos da lei dos caminhoneiros referentes a descanso"},"content":{"rendered":"\n<p>O plen\u00e1rio do STF declarou inconstitucionais 11 pontos da lei dos caminhoneiros 13.103\/15, referentes a jornada de trabalho, pausas para descanso e repouso semanal. Na mesma decis\u00e3o, outros pontos da lei foram validados, como a exig\u00eancia de exame toxicol\u00f3gico de motoristas profissionais.<\/p>\n\n\n\n<p>A decis\u00e3o, por maioria, foi tomada na sess\u00e3o virtual conclu\u00edda em 30\/6, nos termos do voto do relator, ministro Alexandre de Moraes, no julgamento da ADIn 5322, ajuizada pela&nbsp;CNTT &#8211;&nbsp;Confedera\u00e7\u00e3o Nacional dos Trabalhadores em Transportes.<\/p>\n\n\n\n<p>Acompanharam o relator, os ministros Marco Aur\u00e9lio, Nunes Marques (que havia pedido vista), Gilmar Mendes, Lu\u00eds Roberto Barroso, Luiz Fux e Carm\u00e9n L\u00facia.&nbsp;<\/p>\n\n\n\n<p>Fracionamento<\/p>\n\n\n\n<p>Foram considerados inconstitucionais os dispositivos que admitem a redu\u00e7\u00e3o do per\u00edodo m\u00ednimo de descanso, mediante seu fracionamento, e sua coincid\u00eancia com os per\u00edodos de parada obrigat\u00f3ria do ve\u00edculo estabelecidos pelo CTB &#8211; C\u00f3digo de Tr\u00e2nsito Brasileiro.<\/p>\n\n\n\n<p>Segundo o relator, o descanso entre jornadas di\u00e1rias, al\u00e9m do aspecto da recupera\u00e7\u00e3o f\u00edsica, reflete diretamente na seguran\u00e7a rodovi\u00e1ria, uma vez que permite ao motorista manter seu n\u00edvel de concentra\u00e7\u00e3o e cogni\u00e7\u00e3o durante a condu\u00e7\u00e3o do ve\u00edculo. Ainda foram declarados inconstitucionais outros dispositivos que tratam do descanso entre jornadas e entre viagens.<\/p>\n\n\n\n<p>No mesmo sentido, o fracionamento e ac\u00famulo do descanso semanal foi invalidado por falta de amparo constitucional. &#8220;O descanso tem rela\u00e7\u00e3o direta com a sa\u00fade do trabalhador, constituindo parte de direito social indispon\u00edvel&#8221;, explicou o relator.<\/p>\n\n\n\n<p>Tempo de espera<\/p>\n\n\n\n<p>O plen\u00e1rio tamb\u00e9m derrubou ponto da lei que exclu\u00eda da jornada de trabalho e do c\u00f4mputo de horas extras o tempo em que o motorista ficava esperando pela carga ou descarga do ve\u00edculo nas depend\u00eancias do embarcador ou do destinat\u00e1rio e o per\u00edodo gasto com a fiscaliza\u00e7\u00e3o da mercadoria.<\/p>\n\n\n\n<p>Para o relator, a invers\u00e3o de tratamento do instituto do tempo de espera representa uma descaracteriza\u00e7\u00e3o da rela\u00e7\u00e3o de trabalho, al\u00e9m de causar preju\u00edzo direto ao trabalhador, porque prev\u00ea uma forma de presta\u00e7\u00e3o de servi\u00e7o que n\u00e3o \u00e9 computada na jornada di\u00e1ria normal nem como jornada extraordin\u00e1ria.<\/p>\n\n\n\n<p>&#8220;Por estar \u00e0 disposi\u00e7\u00e3o do empregador durante o tempo de espera, a retribui\u00e7\u00e3o devida por for\u00e7a do contrato de trabalho n\u00e3o poderia se dar em forma de &#8216;indeniza\u00e7\u00e3o&#8217;, uma vez que o efetivo servi\u00e7o de trabalho tem natureza salarial&#8221;, ressaltou.<\/p>\n\n\n\n<p>Descanso em movimento<\/p>\n\n\n\n<p>A possibilidade de descanso com o ve\u00edculo em movimento, quando dois motoristas trabalharem em revezamento, foi invalidada. &#8220;N\u00e3o h\u00e1 como se imaginar o devido descanso do trabalhador em um ve\u00edculo em movimento, que, muitas das vezes, sequer possui acomoda\u00e7\u00e3o adequada&#8221;, afirmou o relator, lembrando a precariedade de boa parte das estradas brasileiras.<\/p>\n\n\n\n<p>&#8220;Problemas de trepida\u00e7\u00e3o do ve\u00edculo, buracos nas estradas, aus\u00eancia de pavimenta\u00e7\u00e3o nas rodovias, barulho do motor, etc., s\u00e3o situa\u00e7\u00f5es que agravariam a tranquilidade que o trabalhador necessitaria para um repouso completo.&#8221;<\/p>\n\n\n\n<p>Ficaram parcialmente vencidos os ministros Ricardo Lewandowski (aposentado) e Edson Fachin e a ministra Rosa Weber. O ministro Dias Toffoli acompanhou o relator com ressalvas.<\/p>\n\n\n\n<p>Fonte: Migalhas<br>Disponivel em:\u00a0<a rel=\"noreferrer noopener\" href=\"https:\/\/www.migalhas.com.br\/quentes\/389558\/stf-invalida-trechos-da-lei-dos-caminhoneiros-referentes-a-descanso\" target=\"_blank\">https:\/\/www.migalhas.com.br\/quentes\/389558\/stf-invalida-trechos-da-lei-dos-caminhoneiros-referentes-&#8230;<\/a><\/p>\n","protected":false},"excerpt":{"rendered":"<p>O plen\u00e1rio do STF declarou inconstitucionais 11 pontos da lei dos caminhoneiros 13.103\/15, referentes a jornada de trabalho, pausas para descanso e repouso semanal. Na mesma decis\u00e3o, outros pontos da lei foram validados, como a exig\u00eancia de exame toxicol\u00f3gico de motoristas profissionais. A decis\u00e3o, por maioria, foi tomada na sess\u00e3o virtual conclu\u00edda em 30\/6, nos [&hellip;]<\/p>\n","protected":false},"author":1,"featured_media":5481,"comment_status":"closed","ping_status":"closed","sticky":false,"template":"","format":"standard","meta":{"site-sidebar-layout":"default","site-content-layout":"default","ast-site-content-layout":"default","site-content-style":"default","site-sidebar-style":"default","ast-global-header-display":"","ast-banner-title-visibility":"","ast-main-header-display":"","ast-hfb-above-header-display":"","ast-hfb-below-header-display":"","ast-hfb-mobile-header-display":"","site-post-title":"","ast-breadcrumbs-content":"","ast-featured-img":"","footer-sml-layout":"","ast-disable-related-posts":"","theme-transparent-header-meta":"default","adv-header-id-meta":"","stick-header-meta":"","header-above-stick-meta":"","header-main-stick-meta":"","header-below-stick-meta":"","astra-migrate-meta-layouts":"default","ast-page-background-enabled":"default","ast-page-background-meta":{"desktop":{"background-color":"","background-image":"","background-repeat":"repeat","background-position":"center center","background-size":"auto","background-attachment":"scroll","background-type":"","background-media":"","overlay-type":"","overlay-color":"","overlay-opacity":"","overlay-gradient":""},"tablet":{"background-color":"","background-image":"","background-repeat":"repeat","background-position":"center center","background-size":"auto","background-attachment":"scroll","background-type":"","background-media":"","overlay-type":"","overlay-color":"","overlay-opacity":"","overlay-gradient":""},"mobile":{"background-color":"","background-image":"","background-repeat":"repeat","background-position":"center center","background-size":"auto","background-attachment":"scroll","background-type":"","background-media":"","overlay-type":"","overlay-color":"","overlay-opacity":"","overlay-gradient":""}},"ast-content-background-meta":{"desktop":{"background-color":"var(--ast-global-color-5)","background-image":"","background-repeat":"repeat","background-position":"center center","background-size":"auto","background-attachment":"scroll","background-type":"","background-media":"","overlay-type":"","overlay-color":"","overlay-opacity":"","overlay-gradient":""},"tablet":{"background-color":"var(--ast-global-color-5)","background-image":"","background-repeat":"repeat","background-position":"center center","background-size":"auto","background-attachment":"scroll","background-type":"","background-media":"","overlay-type":"","overlay-color":"","overlay-opacity":"","overlay-gradient":""},"mobile":{"background-color":"var(--ast-global-color-5)","background-image":"","background-repeat":"repeat","background-position":"center center","background-size":"auto","background-attachment":"scroll","background-type":"","background-media":"","overlay-type":"","overlay-color":"","overlay-opacity":"","overlay-gradient":""}},"footnotes":""},"categories":[1],"tags":[],"class_list":["post-5480","post","type-post","status-publish","format-standard","has-post-thumbnail","hentry","category-sem-categoria"],"_links":{"self":[{"href":"http:\/\/cotrimadvogados.adv.br\/index.php?rest_route=\/wp\/v2\/posts\/5480","targetHints":{"allow":["GET"]}}],"collection":[{"href":"http:\/\/cotrimadvogados.adv.br\/index.php?rest_route=\/wp\/v2\/posts"}],"about":[{"href":"http:\/\/cotrimadvogados.adv.br\/index.php?rest_route=\/wp\/v2\/types\/post"}],"author":[{"embeddable":true,"href":"http:\/\/cotrimadvogados.adv.br\/index.php?rest_route=\/wp\/v2\/users\/1"}],"replies":[{"embeddable":true,"href":"http:\/\/cotrimadvogados.adv.br\/index.php?rest_route=%2Fwp%2Fv2%2Fcomments&post=5480"}],"version-history":[{"count":0,"href":"http:\/\/cotrimadvogados.adv.br\/index.php?rest_route=\/wp\/v2\/posts\/5480\/revisions"}],"wp:featuredmedia":[{"embeddable":true,"href":"http:\/\/cotrimadvogados.adv.br\/index.php?rest_route=\/wp\/v2\/media\/5481"}],"wp:attachment":[{"href":"http:\/\/cotrimadvogados.adv.br\/index.php?rest_route=%2Fwp%2Fv2%2Fmedia&parent=5480"}],"wp:term":[{"taxonomy":"category","embeddable":true,"href":"http:\/\/cotrimadvogados.adv.br\/index.php?rest_route=%2Fwp%2Fv2%2Fcategories&post=5480"},{"taxonomy":"post_tag","embeddable":true,"href":"http:\/\/cotrimadvogados.adv.br\/index.php?rest_route=%2Fwp%2Fv2%2Ftags&post=5480"}],"curies":[{"name":"wp","href":"https:\/\/api.w.org\/{rel}","templated":true}]}}