{"id":5483,"date":"2026-03-12T16:29:28","date_gmt":"2026-03-12T19:29:28","guid":{"rendered":"http:\/\/cotrimadvogados-adv-br.umbler.net\/?p=5483"},"modified":"2026-03-12T16:30:21","modified_gmt":"2026-03-12T19:30:21","slug":"prazo-para-cumprir-obrigacao-de-fazer-deve-ser-contado-em-dias-uteis-diz-stj","status":"publish","type":"post","link":"http:\/\/cotrimadvogados.adv.br\/?p=5483","title":{"rendered":"Prazo para cumprir obriga\u00e7\u00e3o de fazer deve ser contado em dias \u00fateis, diz STJ"},"content":{"rendered":"\n<p>O prazo para o cumprimento de senten\u00e7a de obriga\u00e7\u00e3o de fazer, a ser fixado de forma razo\u00e1vel em cada caso pelo juiz, possui natureza processual, sendo contado em dias \u00fateis, nos termos do artigo 219 do C\u00f3digo de Processo Civil de 2015.<br><\/p>\n\n\n\n<p>Essa conclus\u00e3o \u00e9 da 3\u00aa Turma do Superior Tribunal de Justi\u00e7a, que deu provimento ao recurso especial de uma revendedora de ve\u00edculos para afastar a incid\u00eancia de multa pelo descumprimento de uma condena\u00e7\u00e3o em um processo movido por um cliente.<\/p>\n\n\n\n<p>O entendimento adotado pelo colegiado segue a mesma linha firmada pela 2\u00aa Turma do STJ, em&nbsp;<a href=\"https:\/\/www.conjur.com.br\/2021-set-16\/prazo-obrigacoes-contado-dias-uteis\" target=\"_blank\" rel=\"noreferrer noopener\">precedente de 2021<\/a>. E mant\u00e9m coer\u00eancia com o que a pr\u00f3pria 3\u00aa Turma decidiu em 2019, quando fixou que o&nbsp;<a href=\"https:\/\/www.conjur.com.br\/2019-ago-01\/prazo-pagamento-voluntario-divida-contado-dias-uteis\" target=\"_blank\" rel=\"noreferrer noopener\">prazo para pagamento volunt\u00e1rio de d\u00edvida<\/a>&nbsp;tamb\u00e9m deve ser contado em dias \u00fateis.<\/p>\n\n\n\n<p>A discuss\u00e3o existe porque o CPC, ao regulamentar as esp\u00e9cies de cumprimento de senten\u00e7a, n\u00e3o previu prazo espec\u00edfico para o adimplemento volunt\u00e1rio das obriga\u00e7\u00f5es de fazer. Ele deve\u00a0se dar em tempo razo\u00e1vel a ser fixado pelo juiz, a partir das especificidades de cada caso concreto.<br><\/p>\n\n\n\n<p>O desrespeito ao prazo sujeita a parte a consequ\u00eancias potencialmente graves, como imposi\u00e7\u00e3o de multa, busca e apreens\u00e3o, remo\u00e7\u00e3o de pessoas, desfazimento de obras, impedimento de atividade nociva e at\u00e9 seu cumprimento com aux\u00edlio de for\u00e7a policial.<\/p>\n\n\n\n<p>Para a 3\u00aa Turma, a natureza processual do prazo judicial fixado para o cumprimento da senten\u00e7a \u00e9 suficiente para atrair a incid\u00eancia da regra do artigo 219 do CPC, que prev\u00ea contagem em dias uteis. Segundo o colegiado, n\u00e3o faria sentido divergir da posi\u00e7\u00e3o firmada sobre pagamento volunt\u00e1rio.<\/p>\n\n\n\n<p>&#8220;Portanto, \u00e9 de se concluir que o prazo para adimplemento volunt\u00e1rio de cumprimento de senten\u00e7a de obriga\u00e7\u00e3o de fazer, de n\u00e3o fazer ou de entregar coisa, a ser fixado de forma razo\u00e1vel em cada caso pelo juiz, possui natureza processual, computando-se em dias \u00fateis, nos termos do artigo 219 do CPC\/2015&#8221;, resumiu o relator da mat\u00e9ria, ministro Marco Aur\u00e9lio Bellizze.<\/p>\n\n\n\n<p>No caso concreto, a&nbsp;contagem em dias \u00fateis fez toda diferen\u00e7a para a revendedora de ve\u00edculos. Ela foi condenada a entregar um carro&nbsp;novo ao cliente no prazo de dez dias, tendo sido intimada em 9 de dezembro de 2021. O prazo come\u00e7ou a contar, portanto, em 10 de dezembro.<\/p>\n\n\n\n<p>Houve a suspens\u00e3o dos prazos no per\u00edodo entre 20 de dezembro e 20 de janeiro de 2022, e a obriga\u00e7\u00e3o foi cumprida em 6 de janeiro. Com a contagem em dias \u00fateis, o fim do prazo ocorreu em 26 de janeiro. O provimento do recurso especial afastou a imposi\u00e7\u00e3o de multa de R$ 7 mil por sete dias de atraso, caso o prazo fosse contado em dias corridos.<br><br>Fonte: ConJur<br>Disponivel em: <a rel=\"noreferrer noopener\" href=\"https:\/\/www.conjur.com.br\/2023-ago-22\/prazo-obrigacao-contado-dias-uteis-decide-stj\" target=\"_blank\">https:\/\/www.conjur.com.br\/2023-ago-22\/prazo-obrigacao-contado-dias-uteis-decide-stj<\/a><\/p>\n","protected":false},"excerpt":{"rendered":"<p>O prazo para o cumprimento de senten\u00e7a de obriga\u00e7\u00e3o de fazer, a ser fixado de forma razo\u00e1vel em cada caso pelo juiz, possui natureza processual, sendo contado em dias \u00fateis, nos termos do artigo 219 do C\u00f3digo de Processo Civil de 2015. Essa conclus\u00e3o \u00e9 da 3\u00aa Turma do Superior Tribunal de Justi\u00e7a, que deu [&hellip;]<\/p>\n","protected":false},"author":1,"featured_media":5484,"comment_status":"closed","ping_status":"closed","sticky":false,"template":"","format":"standard","meta":{"site-sidebar-layout":"default","site-content-layout":"default","ast-site-content-layout":"default","site-content-style":"default","site-sidebar-style":"default","ast-global-header-display":"","ast-banner-title-visibility":"","ast-main-header-display":"","ast-hfb-above-header-display":"","ast-hfb-below-header-display":"","ast-hfb-mobile-header-display":"","site-post-title":"","ast-breadcrumbs-content":"","ast-featured-img":"","footer-sml-layout":"","ast-disable-related-posts":"","theme-transparent-header-meta":"default","adv-header-id-meta":"","stick-header-meta":"","header-above-stick-meta":"","header-main-stick-meta":"","header-below-stick-meta":"","astra-migrate-meta-layouts":"default","ast-page-background-enabled":"default","ast-page-background-meta":{"desktop":{"background-color":"","background-image":"","background-repeat":"repeat","background-position":"center center","background-size":"auto","background-attachment":"scroll","background-type":"","background-media":"","overlay-type":"","overlay-color":"","overlay-opacity":"","overlay-gradient":""},"tablet":{"background-color":"","background-image":"","background-repeat":"repeat","background-position":"center center","background-size":"auto","background-attachment":"scroll","background-type":"","background-media":"","overlay-type":"","overlay-color":"","overlay-opacity":"","overlay-gradient":""},"mobile":{"background-color":"","background-image":"","background-repeat":"repeat","background-position":"center center","background-size":"auto","background-attachment":"scroll","background-type":"","background-media":"","overlay-type":"","overlay-color":"","overlay-opacity":"","overlay-gradient":""}},"ast-content-background-meta":{"desktop":{"background-color":"var(--ast-global-color-5)","background-image":"","background-repeat":"repeat","background-position":"center center","background-size":"auto","background-attachment":"scroll","background-type":"","background-media":"","overlay-type":"","overlay-color":"","overlay-opacity":"","overlay-gradient":""},"tablet":{"background-color":"var(--ast-global-color-5)","background-image":"","background-repeat":"repeat","background-position":"center center","background-size":"auto","background-attachment":"scroll","background-type":"","background-media":"","overlay-type":"","overlay-color":"","overlay-opacity":"","overlay-gradient":""},"mobile":{"background-color":"var(--ast-global-color-5)","background-image":"","background-repeat":"repeat","background-position":"center center","background-size":"auto","background-attachment":"scroll","background-type":"","background-media":"","overlay-type":"","overlay-color":"","overlay-opacity":"","overlay-gradient":""}},"footnotes":""},"categories":[1],"tags":[],"class_list":["post-5483","post","type-post","status-publish","format-standard","has-post-thumbnail","hentry","category-sem-categoria"],"_links":{"self":[{"href":"http:\/\/cotrimadvogados.adv.br\/index.php?rest_route=\/wp\/v2\/posts\/5483","targetHints":{"allow":["GET"]}}],"collection":[{"href":"http:\/\/cotrimadvogados.adv.br\/index.php?rest_route=\/wp\/v2\/posts"}],"about":[{"href":"http:\/\/cotrimadvogados.adv.br\/index.php?rest_route=\/wp\/v2\/types\/post"}],"author":[{"embeddable":true,"href":"http:\/\/cotrimadvogados.adv.br\/index.php?rest_route=\/wp\/v2\/users\/1"}],"replies":[{"embeddable":true,"href":"http:\/\/cotrimadvogados.adv.br\/index.php?rest_route=%2Fwp%2Fv2%2Fcomments&post=5483"}],"version-history":[{"count":0,"href":"http:\/\/cotrimadvogados.adv.br\/index.php?rest_route=\/wp\/v2\/posts\/5483\/revisions"}],"wp:featuredmedia":[{"embeddable":true,"href":"http:\/\/cotrimadvogados.adv.br\/index.php?rest_route=\/wp\/v2\/media\/5484"}],"wp:attachment":[{"href":"http:\/\/cotrimadvogados.adv.br\/index.php?rest_route=%2Fwp%2Fv2%2Fmedia&parent=5483"}],"wp:term":[{"taxonomy":"category","embeddable":true,"href":"http:\/\/cotrimadvogados.adv.br\/index.php?rest_route=%2Fwp%2Fv2%2Fcategories&post=5483"},{"taxonomy":"post_tag","embeddable":true,"href":"http:\/\/cotrimadvogados.adv.br\/index.php?rest_route=%2Fwp%2Fv2%2Ftags&post=5483"}],"curies":[{"name":"wp","href":"https:\/\/api.w.org\/{rel}","templated":true}]}}