{"id":5486,"date":"2026-03-12T16:29:25","date_gmt":"2026-03-12T19:29:25","guid":{"rendered":"http:\/\/cotrimadvogados-adv-br.umbler.net\/?p=5486"},"modified":"2026-03-12T16:30:16","modified_gmt":"2026-03-12T19:30:16","slug":"stj-a-participacao-de-orgaos-de-persecucao-estatal-na-gravacao-ambiental-realizada-por-um-dos-interlocutores-sem-previa-autorizacao-judicial-acarreta-a-ilicitude-da-prova","status":"publish","type":"post","link":"http:\/\/cotrimadvogados.adv.br\/?p=5486","title":{"rendered":"STJ: A participa\u00e7\u00e3o de \u00f3rg\u00e3os de persecu\u00e7\u00e3o estatal na grava\u00e7\u00e3o ambiental realizada por um dos interlocutores, sem pr\u00e9via autoriza\u00e7\u00e3o judicial, acarreta a ilicitude da prova."},"content":{"rendered":"\n<p>Cinge-se a controv\u00e9rsia \u00e0 validade da capta\u00e7\u00e3o ambiental realizada por particular sem o conhecimento do interlocutor e com o aux\u00edlio do Minist\u00e9rio P\u00fablico ou da pol\u00edcia. O par\u00e2metro normativo, no caso, deve ser a Lei n.&nbsp;<a href=\"https:\/\/www.jusbrasil.com.br\/legislacao\/110534\/lei-do-crime-organizado-lei-9034-95\" target=\"_blank\" rel=\"noreferrer noopener\"><\/a><a href=\"https:\/\/www.jusbrasil.com.br\/legislacao\/110534\/lei-do-crime-organizado-lei-9034-95\">9.034<\/a>\/1995, tendo em vista que vigente \u00e0 \u00e9poca da produ\u00e7\u00e3o da prova em quest\u00e3o.<\/p>\n\n\n\n<p>A grava\u00e7\u00e3o realizada por um dos interlocutores sem o conhecimento do outro, n\u00e3o protegida por um sigilo legal (&nbsp;<a href=\"https:\/\/www.jusbrasil.com.br\/jurisprudencia\/stf\/21273508\" target=\"_blank\" rel=\"noreferrer noopener\"><\/a><a href=\"https:\/\/www.jusbrasil.com.br\/jurisprudencia\/stf\/21273508\">QO no Inq. 2116<\/a>, Supremo Tribunal Federal) \u00e9 prova v\u00e1lida. Trata-se de hip\u00f3tese pac\u00edfica na jurisprud\u00eancia do Supremo Tribunal Federal e do Superior Tribunal de Justi\u00e7a, pois se considera que os interlocutores podem, em depoimento pessoal ou em testemunho, revelar o teor dos di\u00e1logos.<\/p>\n\n\n\n<p>No entanto, a produ\u00e7\u00e3o da prova obtida com colabora\u00e7\u00e3o de \u00f3rg\u00e3os de persecu\u00e7\u00e3o penal deve observar as f\u00f3rmulas legais, tendo em conta a conten\u00e7\u00e3o da atua\u00e7\u00e3o estatal, cingindo-o, por princ\u00edpio, \u00e0s f\u00f3rmulas do devido processo legal. Ao permitir a coopera\u00e7\u00e3o de \u00f3rg\u00e3o de persecu\u00e7\u00e3o, a jurisprud\u00eancia pode encorajar atua\u00e7\u00e3o abusiva, violadora de direitos e garantias do cidad\u00e3o, at\u00e9 porque sempre vai pairar a d\u00favida se a iniciativa da grava\u00e7\u00e3o partiu da pr\u00f3pria parte envolvida ou do \u00f3rg\u00e3o estatal.<\/p>\n\n\n\n<p>A norma vigente \u00e0 \u00e9poca, Lei n.&nbsp;<a href=\"https:\/\/www.jusbrasil.com.br\/legislacao\/110534\/lei-do-crime-organizado-lei-9034-95\" target=\"_blank\" rel=\"noreferrer noopener\"><\/a><a href=\"https:\/\/www.jusbrasil.com.br\/legislacao\/110534\/lei-do-crime-organizado-lei-9034-95\">9.034<\/a>\/1995, com reda\u00e7\u00e3o dada pela Lei n. 10.217\/2011, exigia, expressamente, para capta\u00e7\u00e3o ambiental, &#8220;circunstanciada autoriza\u00e7\u00e3o judicial&#8221; (art. 2\u00ba, IV).<\/p>\n\n\n\n<p>A participa\u00e7\u00e3o do Minist\u00e9rio P\u00fablico na produ\u00e7\u00e3o da prova, fornecendo equipamento, aproxima o agente particular de um agente colaborador ou de um agente infiltrado e, consequentemente, de suas restri\u00e7\u00f5es. Sem contar que, mesmo se procurado de forma espont\u00e2nea pela parte interessada, \u00e9 dif\u00edcil crer que o Minist\u00e9rio P\u00fablico n\u00e3o oriente o interlocutor no que concerne a conduzir a conversa quanto a quais informa\u00e7\u00f5es seriam necess\u00e1rias e relevantes, limitando-se apenas a fornecer o equipamento necess\u00e1rio para a grava\u00e7\u00e3o.<\/p>\n\n\n\n<p>Desse modo, a participa\u00e7\u00e3o da pol\u00edcia ou do Minist\u00e9rio P\u00fablico na produ\u00e7\u00e3o da prova exerce a atra\u00e7\u00e3o dos marcos legais, que, no caso, repita-se, exigiam &#8220;circunstanciada autoriza\u00e7\u00e3o judicial&#8221;. N\u00e3o obtida a chancela do Poder Judici\u00e1rio, opera a regra de exclus\u00e3o, pois a prova em quest\u00e3o \u00e9 il\u00edcita.<\/p>\n\n\n\n<p>Por fim, esse reposicionamento ainda antev\u00ea debate sobre o teor do \u00a7 4\u00ba do art.&nbsp;<a href=\"https:\/\/www.jusbrasil.com.br\/topicos\/611613414\/artigo-8a-da-lei-n-9296-de-24-de-julho-de-1996\" target=\"_blank\" rel=\"noreferrer noopener\"><\/a><a href=\"https:\/\/www.jusbrasil.com.br\/topicos\/611613414\/artigo-8a-da-lei-n-9296-de-24-de-julho-de-1996\">8\u00ba-A<\/a>&nbsp;da Lei n.&nbsp;<a href=\"https:\/\/www.jusbrasil.com.br\/legislacao\/103847\/escuta-telefonica-lei-9296-96\" target=\"_blank\" rel=\"noreferrer noopener\"><\/a><a href=\"https:\/\/www.jusbrasil.com.br\/legislacao\/103847\/escuta-telefonica-lei-9296-96\">9.296<\/a>\/1996, inserido pela Lei n.&nbsp;<a href=\"https:\/\/www.jusbrasil.com.br\/legislacao\/1328885560\/lei-13964-19\" target=\"_blank\" rel=\"noreferrer noopener\"><\/a><a href=\"https:\/\/www.jusbrasil.com.br\/legislacao\/1328885560\/lei-13964-19\">13.964<\/a>\/2019, que reabre discuss\u00e3o acerca da amplitude da validade da capta\u00e7\u00e3o ambiental feita por um dos interlocutores. Tal dispositivo n\u00e3o se aplica ao caso, mas busca restringir esse meio de prova, considerando que essa prova s\u00f3 ser\u00e1 v\u00e1lida sem o pr\u00e9vio conhecimento da autoridade policial ou do Minist\u00e9rio P\u00fablico.<\/p>\n\n\n\n<p>Fonte: Jusbrasil<br>Disponivel em: <a rel=\"noreferrer noopener\" href=\"https:\/\/www.jusbrasil.com.br\/noticias\/stj-a-participacao-de-orgaos-de-persecucao-estatal-na-gravacao-ambiental-realizada-por-um-dos-interlocutores-sem-previa-autorizacao-judicial-acarreta-a-ilicitude-da-prova\/1946425309\" target=\"_blank\">https:\/\/www.jusbrasil.com.br\/noticias\/stj-a-participacao-de-orgaos-de-persecucao-estatal-na-gravacao&#8230;<\/a><\/p>\n","protected":false},"excerpt":{"rendered":"<p>Cinge-se a controv\u00e9rsia \u00e0 validade da capta\u00e7\u00e3o ambiental realizada por particular sem o conhecimento do interlocutor e com o aux\u00edlio do Minist\u00e9rio P\u00fablico ou da pol\u00edcia. O par\u00e2metro normativo, no caso, deve ser a Lei n.&nbsp;9.034\/1995, tendo em vista que vigente \u00e0 \u00e9poca da produ\u00e7\u00e3o da prova em quest\u00e3o. A grava\u00e7\u00e3o realizada por um dos [&hellip;]<\/p>\n","protected":false},"author":1,"featured_media":5487,"comment_status":"closed","ping_status":"closed","sticky":false,"template":"","format":"standard","meta":{"site-sidebar-layout":"default","site-content-layout":"default","ast-site-content-layout":"default","site-content-style":"default","site-sidebar-style":"default","ast-global-header-display":"","ast-banner-title-visibility":"","ast-main-header-display":"","ast-hfb-above-header-display":"","ast-hfb-below-header-display":"","ast-hfb-mobile-header-display":"","site-post-title":"","ast-breadcrumbs-content":"","ast-featured-img":"","footer-sml-layout":"","ast-disable-related-posts":"","theme-transparent-header-meta":"default","adv-header-id-meta":"","stick-header-meta":"","header-above-stick-meta":"","header-main-stick-meta":"","header-below-stick-meta":"","astra-migrate-meta-layouts":"default","ast-page-background-enabled":"default","ast-page-background-meta":{"desktop":{"background-color":"","background-image":"","background-repeat":"repeat","background-position":"center center","background-size":"auto","background-attachment":"scroll","background-type":"","background-media":"","overlay-type":"","overlay-color":"","overlay-opacity":"","overlay-gradient":""},"tablet":{"background-color":"","background-image":"","background-repeat":"repeat","background-position":"center center","background-size":"auto","background-attachment":"scroll","background-type":"","background-media":"","overlay-type":"","overlay-color":"","overlay-opacity":"","overlay-gradient":""},"mobile":{"background-color":"","background-image":"","background-repeat":"repeat","background-position":"center center","background-size":"auto","background-attachment":"scroll","background-type":"","background-media":"","overlay-type":"","overlay-color":"","overlay-opacity":"","overlay-gradient":""}},"ast-content-background-meta":{"desktop":{"background-color":"var(--ast-global-color-5)","background-image":"","background-repeat":"repeat","background-position":"center center","background-size":"auto","background-attachment":"scroll","background-type":"","background-media":"","overlay-type":"","overlay-color":"","overlay-opacity":"","overlay-gradient":""},"tablet":{"background-color":"var(--ast-global-color-5)","background-image":"","background-repeat":"repeat","background-position":"center center","background-size":"auto","background-attachment":"scroll","background-type":"","background-media":"","overlay-type":"","overlay-color":"","overlay-opacity":"","overlay-gradient":""},"mobile":{"background-color":"var(--ast-global-color-5)","background-image":"","background-repeat":"repeat","background-position":"center center","background-size":"auto","background-attachment":"scroll","background-type":"","background-media":"","overlay-type":"","overlay-color":"","overlay-opacity":"","overlay-gradient":""}},"footnotes":""},"categories":[1],"tags":[],"class_list":["post-5486","post","type-post","status-publish","format-standard","has-post-thumbnail","hentry","category-sem-categoria"],"_links":{"self":[{"href":"http:\/\/cotrimadvogados.adv.br\/index.php?rest_route=\/wp\/v2\/posts\/5486","targetHints":{"allow":["GET"]}}],"collection":[{"href":"http:\/\/cotrimadvogados.adv.br\/index.php?rest_route=\/wp\/v2\/posts"}],"about":[{"href":"http:\/\/cotrimadvogados.adv.br\/index.php?rest_route=\/wp\/v2\/types\/post"}],"author":[{"embeddable":true,"href":"http:\/\/cotrimadvogados.adv.br\/index.php?rest_route=\/wp\/v2\/users\/1"}],"replies":[{"embeddable":true,"href":"http:\/\/cotrimadvogados.adv.br\/index.php?rest_route=%2Fwp%2Fv2%2Fcomments&post=5486"}],"version-history":[{"count":0,"href":"http:\/\/cotrimadvogados.adv.br\/index.php?rest_route=\/wp\/v2\/posts\/5486\/revisions"}],"wp:featuredmedia":[{"embeddable":true,"href":"http:\/\/cotrimadvogados.adv.br\/index.php?rest_route=\/wp\/v2\/media\/5487"}],"wp:attachment":[{"href":"http:\/\/cotrimadvogados.adv.br\/index.php?rest_route=%2Fwp%2Fv2%2Fmedia&parent=5486"}],"wp:term":[{"taxonomy":"category","embeddable":true,"href":"http:\/\/cotrimadvogados.adv.br\/index.php?rest_route=%2Fwp%2Fv2%2Fcategories&post=5486"},{"taxonomy":"post_tag","embeddable":true,"href":"http:\/\/cotrimadvogados.adv.br\/index.php?rest_route=%2Fwp%2Fv2%2Ftags&post=5486"}],"curies":[{"name":"wp","href":"https:\/\/api.w.org\/{rel}","templated":true}]}}