{"id":5515,"date":"2026-03-12T16:29:23","date_gmt":"2026-03-12T19:29:23","guid":{"rendered":"http:\/\/cotrimadvogados-adv-br.umbler.net\/?p=5515"},"modified":"2026-03-12T16:30:15","modified_gmt":"2026-03-12T19:30:15","slug":"trt-3-segue-stf-e-valida-vinculo-comercial-entre-seguradora-e-franqueada","status":"publish","type":"post","link":"http:\/\/cotrimadvogados.adv.br\/?p=5515","title":{"rendered":"TRT-3 segue STF e valida v\u00ednculo comercial entre seguradora e franqueada"},"content":{"rendered":"\n<p>Por &#8220;disciplina judici\u00e1ria&#8221;, destacando que o Supremo Tribunal Federal j\u00e1 tem posi\u00e7\u00e3o no sentido da permiss\u00e3o constitucional de formas alternativas da rela\u00e7\u00e3o de emprego, a 6\u00aa Turma do Tribunal Regional do Trabalho da 3\u00aa Regi\u00e3o (MG) reformou uma decis\u00e3o colegiada da pr\u00f3pria Corte e confirmou a legitimidade da rela\u00e7\u00e3o comercial firmada entre uma seguradora e o dono de uma franquia. No julgamento, ficou declarada a incompet\u00eancia da Justi\u00e7a do Trabalho para analisar o caso. Com isso, o processo deve ser remetido \u00e0 Justi\u00e7a comum.<\/p>\n\n\n\n<p>A a\u00e7\u00e3o foi movida por um empres\u00e1rio em maio de 2021. Ele alega fraude na constitui\u00e7\u00e3o de pessoa jur\u00eddica. Ele pedia a declara\u00e7\u00e3o de nulidade do contrato de pr\u00e9-franquia e o reconhecimento de v\u00ednculo de emprego no per\u00edodo de setembro de 2017 a julho de 2019. O empres\u00e1rio queria, ainda, o pagamento de f\u00e9rias, 13\u00ba sal\u00e1rio, horas extras, verbas rescis\u00f3rias, anota\u00e7\u00e3o da carteira de trabalho (CTPS), entre outros benef\u00edcios.<\/p>\n\n\n\n<p>No recurso, a defesa da seguradora sustentou que o contrato de franquia tem rela\u00e7\u00e3o de natureza civil\/comercial, sendo regido pela Lei 13.966\/2019 (antiga 8.955\/94). Al\u00e9m disso, destacou uma decis\u00e3o do ministro Alexandre de Moraes, do STF,\u00a0<a rel=\"noreferrer noopener\" href=\"https:\/\/www.conjur.com.br\/2023-ago-25\/nao-vinculo-emprego-entre-seguradora-corretora-franqueada\" target=\"_blank\">que negou o v\u00ednculo de emprego entre a marca e uma s\u00f3cia controladora de uma corretora franqueada<\/a>.<br><br>O relator do recurso, desembargador Jorge Berg de Mendon\u00e7a, acatou o pedido segundo o entendimento firmado pelo Supremo apontado pela defesa. &#8220;Anote-se que o STF considera regular a contrata\u00e7\u00e3o de pessoa jur\u00eddica formada por profissionais liberais para prestar servi\u00e7os terceirizados na atividade fim da empresa contratante, n\u00e3o havendo que se falar em ilicitude da &#8220;pejotiza\u00e7\u00e3o&#8221;. Assim, frise-se, por medida de disciplina judici\u00e1ria, este \u00d3rg\u00e3o Colegiado imprime efeito modificativo ao julgado, para, declarando-se a validade do contrato de franquia firmado entre as partes, afastar o reconhecimento do v\u00ednculo de emprego.&#8221;<br><br>Al\u00e9m de perder a a\u00e7\u00e3o, o empres\u00e1rio tamb\u00e9m teve negado o pedido de assist\u00eancia judici\u00e1ria gratuita. Ele foi condenado ao pagamento de honor\u00e1rios de sucumb\u00eancia e das custas processuais, totalizando aproximadamente R$ 90 mil.<\/p>\n\n\n\n<p>Fonte: ConJur<br>Disponivel em: <a rel=\"noreferrer noopener\" href=\"https:\/\/www.conjur.com.br\/2023-out-05\/trt-valida-vinculo-comercial-entre-seguradora-franqueada\" target=\"_blank\">https:\/\/www.conjur.com.br\/2023-out-05\/trt-valida-vinculo-comercial-entre-seguradora-franqueada<\/a><\/p>\n","protected":false},"excerpt":{"rendered":"<p>Por &#8220;disciplina judici\u00e1ria&#8221;, destacando que o Supremo Tribunal Federal j\u00e1 tem posi\u00e7\u00e3o no sentido da permiss\u00e3o constitucional de formas alternativas da rela\u00e7\u00e3o de emprego, a 6\u00aa Turma do Tribunal Regional do Trabalho da 3\u00aa Regi\u00e3o (MG) reformou uma decis\u00e3o colegiada da pr\u00f3pria Corte e confirmou a legitimidade da rela\u00e7\u00e3o comercial firmada entre uma seguradora e [&hellip;]<\/p>\n","protected":false},"author":1,"featured_media":5516,"comment_status":"closed","ping_status":"closed","sticky":false,"template":"","format":"standard","meta":{"site-sidebar-layout":"default","site-content-layout":"default","ast-site-content-layout":"default","site-content-style":"default","site-sidebar-style":"default","ast-global-header-display":"","ast-banner-title-visibility":"","ast-main-header-display":"","ast-hfb-above-header-display":"","ast-hfb-below-header-display":"","ast-hfb-mobile-header-display":"","site-post-title":"","ast-breadcrumbs-content":"","ast-featured-img":"","footer-sml-layout":"","ast-disable-related-posts":"","theme-transparent-header-meta":"default","adv-header-id-meta":"","stick-header-meta":"","header-above-stick-meta":"","header-main-stick-meta":"","header-below-stick-meta":"","astra-migrate-meta-layouts":"default","ast-page-background-enabled":"default","ast-page-background-meta":{"desktop":{"background-color":"","background-image":"","background-repeat":"repeat","background-position":"center center","background-size":"auto","background-attachment":"scroll","background-type":"","background-media":"","overlay-type":"","overlay-color":"","overlay-opacity":"","overlay-gradient":""},"tablet":{"background-color":"","background-image":"","background-repeat":"repeat","background-position":"center center","background-size":"auto","background-attachment":"scroll","background-type":"","background-media":"","overlay-type":"","overlay-color":"","overlay-opacity":"","overlay-gradient":""},"mobile":{"background-color":"","background-image":"","background-repeat":"repeat","background-position":"center center","background-size":"auto","background-attachment":"scroll","background-type":"","background-media":"","overlay-type":"","overlay-color":"","overlay-opacity":"","overlay-gradient":""}},"ast-content-background-meta":{"desktop":{"background-color":"var(--ast-global-color-5)","background-image":"","background-repeat":"repeat","background-position":"center center","background-size":"auto","background-attachment":"scroll","background-type":"","background-media":"","overlay-type":"","overlay-color":"","overlay-opacity":"","overlay-gradient":""},"tablet":{"background-color":"var(--ast-global-color-5)","background-image":"","background-repeat":"repeat","background-position":"center center","background-size":"auto","background-attachment":"scroll","background-type":"","background-media":"","overlay-type":"","overlay-color":"","overlay-opacity":"","overlay-gradient":""},"mobile":{"background-color":"var(--ast-global-color-5)","background-image":"","background-repeat":"repeat","background-position":"center center","background-size":"auto","background-attachment":"scroll","background-type":"","background-media":"","overlay-type":"","overlay-color":"","overlay-opacity":"","overlay-gradient":""}},"footnotes":""},"categories":[1],"tags":[],"class_list":["post-5515","post","type-post","status-publish","format-standard","has-post-thumbnail","hentry","category-sem-categoria"],"_links":{"self":[{"href":"http:\/\/cotrimadvogados.adv.br\/index.php?rest_route=\/wp\/v2\/posts\/5515","targetHints":{"allow":["GET"]}}],"collection":[{"href":"http:\/\/cotrimadvogados.adv.br\/index.php?rest_route=\/wp\/v2\/posts"}],"about":[{"href":"http:\/\/cotrimadvogados.adv.br\/index.php?rest_route=\/wp\/v2\/types\/post"}],"author":[{"embeddable":true,"href":"http:\/\/cotrimadvogados.adv.br\/index.php?rest_route=\/wp\/v2\/users\/1"}],"replies":[{"embeddable":true,"href":"http:\/\/cotrimadvogados.adv.br\/index.php?rest_route=%2Fwp%2Fv2%2Fcomments&post=5515"}],"version-history":[{"count":0,"href":"http:\/\/cotrimadvogados.adv.br\/index.php?rest_route=\/wp\/v2\/posts\/5515\/revisions"}],"wp:featuredmedia":[{"embeddable":true,"href":"http:\/\/cotrimadvogados.adv.br\/index.php?rest_route=\/wp\/v2\/media\/5516"}],"wp:attachment":[{"href":"http:\/\/cotrimadvogados.adv.br\/index.php?rest_route=%2Fwp%2Fv2%2Fmedia&parent=5515"}],"wp:term":[{"taxonomy":"category","embeddable":true,"href":"http:\/\/cotrimadvogados.adv.br\/index.php?rest_route=%2Fwp%2Fv2%2Fcategories&post=5515"},{"taxonomy":"post_tag","embeddable":true,"href":"http:\/\/cotrimadvogados.adv.br\/index.php?rest_route=%2Fwp%2Fv2%2Ftags&post=5515"}],"curies":[{"name":"wp","href":"https:\/\/api.w.org\/{rel}","templated":true}]}}