{"id":5527,"date":"2026-03-12T16:29:24","date_gmt":"2026-03-12T19:29:24","guid":{"rendered":"http:\/\/cotrimadvogados-adv-br.umbler.net\/?p=5527"},"modified":"2026-03-12T16:35:00","modified_gmt":"2026-03-12T19:35:00","slug":"trf-3-assegura-isencao-do-imposto-de-renda-a-aposentada-com-alzheimer","status":"publish","type":"post","link":"http:\/\/cotrimadvogados.adv.br\/?p=5527","title":{"rendered":"TRF-3 assegura isen\u00e7\u00e3o do imposto de renda a aposentada com Alzheimer"},"content":{"rendered":"\n<p>A 3\u00aa turma do TRF da 3\u00aa regi\u00e3o confirmou decis\u00e3o que assegurou a isen\u00e7\u00e3o do IRPF a uma servidora federal aposentada com doen\u00e7a de Alzheimer.&nbsp;Para os magistrados, apesar de n\u00e3o estar especificada no rol de mol\u00e9stias graves do art. 6\u00ba da lei 7.713\/88, a patologia conduz \u00e0 aliena\u00e7\u00e3o mental, que tem isen\u00e7\u00e3o tribut\u00e1ria abrangida pela norma e reconhecida pela jurisprud\u00eancia.&nbsp;<\/p>\n\n\n\n<p>A autora acionou o Judici\u00e1rio e sustentou que a condi\u00e7\u00e3o compromete a realiza\u00e7\u00e3o de atividades b\u00e1sicas e cotidianas necess\u00e1rias \u00e0 sobreviv\u00eancia.&nbsp;Ap\u00f3s 25\u00aa vara C\u00edvel Federal de S\u00e3o Paulo\/SP ter afastado a incid\u00eancia do IRRF sobre os proventos de aposentadoria e determinado o ressarcimento do ind\u00e9bito, a Uni\u00e3o recorreu ao TRF-3 e argumentou n\u00e3o ter ficado comprovado que a autora possui enfermidade descrita na legisla\u00e7\u00e3o.&nbsp;&nbsp;<\/p>\n\n\n\n<p>Ao analisar o caso, a desembargadora federal Adriana Pilleggi, relatora do processo, explicou que relat\u00f3rio m\u00e9dico atestou doen\u00e7a de Alzheimer, com evolu\u00e7\u00e3o progressiva e sem proposta de tratamento para cura.&nbsp;Al\u00e9m disso, a aposentada foi submetida \u00e0 per\u00edcia em processo de interdi\u00e7\u00e3o na Justi\u00e7a Estadual de S\u00e3o Paulo, e foi constatada s\u00edndrome demencial em est\u00e1gio avan\u00e7ado e irrevers\u00edvel.&nbsp;<\/p>\n\n\n\n<p>&#8220;A isen\u00e7\u00e3o tem por objetivo minorar o sofrimento daqueles que j\u00e1 suportam o \u00f4nus de um tratamento exaustivo e que exige grandes despesas&#8221;, concluiu a magistrada.&nbsp;<\/p>\n\n\n\n<p>Assim, a 3\u00aa turma, por unanimidade, negou provimento ao recurso da Uni\u00e3o e confirmou o direito \u00e0 isen\u00e7\u00e3o.<\/p>\n\n\n\n<p>Fonte: Migalhas<br>Disponivel em: <a href=\"https:\/\/www.migalhas.com.br\/quentes\/395360\/trf-3-assegura-isencao-do-imposto-de-renda-a-aposentada-c...\">https:\/\/www.migalhas.com.br\/quentes\/395360\/trf-3-assegura-isencao-do-imposto-de-renda-a-aposentada-c&#8230;<\/a><\/p>\n","protected":false},"excerpt":{"rendered":"<p>A 3\u00aa turma do TRF da 3\u00aa regi\u00e3o confirmou decis\u00e3o que assegurou a isen\u00e7\u00e3o do IRPF a uma servidora federal aposentada com doen\u00e7a de Alzheimer.&nbsp;Para os magistrados, apesar de n\u00e3o estar especificada no rol de mol\u00e9stias graves do art. 6\u00ba da lei 7.713\/88, a patologia conduz \u00e0 aliena\u00e7\u00e3o mental, que tem isen\u00e7\u00e3o tribut\u00e1ria abrangida pela [&hellip;]<\/p>\n","protected":false},"author":1,"featured_media":5528,"comment_status":"closed","ping_status":"closed","sticky":false,"template":"","format":"standard","meta":{"site-sidebar-layout":"default","site-content-layout":"default","ast-site-content-layout":"default","site-content-style":"default","site-sidebar-style":"default","ast-global-header-display":"","ast-banner-title-visibility":"","ast-main-header-display":"","ast-hfb-above-header-display":"","ast-hfb-below-header-display":"","ast-hfb-mobile-header-display":"","site-post-title":"","ast-breadcrumbs-content":"","ast-featured-img":"","footer-sml-layout":"","ast-disable-related-posts":"","theme-transparent-header-meta":"default","adv-header-id-meta":"","stick-header-meta":"","header-above-stick-meta":"","header-main-stick-meta":"","header-below-stick-meta":"","astra-migrate-meta-layouts":"default","ast-page-background-enabled":"default","ast-page-background-meta":{"desktop":{"background-color":"","background-image":"","background-repeat":"repeat","background-position":"center center","background-size":"auto","background-attachment":"scroll","background-type":"","background-media":"","overlay-type":"","overlay-color":"","overlay-opacity":"","overlay-gradient":""},"tablet":{"background-color":"","background-image":"","background-repeat":"repeat","background-position":"center center","background-size":"auto","background-attachment":"scroll","background-type":"","background-media":"","overlay-type":"","overlay-color":"","overlay-opacity":"","overlay-gradient":""},"mobile":{"background-color":"","background-image":"","background-repeat":"repeat","background-position":"center center","background-size":"auto","background-attachment":"scroll","background-type":"","background-media":"","overlay-type":"","overlay-color":"","overlay-opacity":"","overlay-gradient":""}},"ast-content-background-meta":{"desktop":{"background-color":"var(--ast-global-color-5)","background-image":"","background-repeat":"repeat","background-position":"center center","background-size":"auto","background-attachment":"scroll","background-type":"","background-media":"","overlay-type":"","overlay-color":"","overlay-opacity":"","overlay-gradient":""},"tablet":{"background-color":"var(--ast-global-color-5)","background-image":"","background-repeat":"repeat","background-position":"center center","background-size":"auto","background-attachment":"scroll","background-type":"","background-media":"","overlay-type":"","overlay-color":"","overlay-opacity":"","overlay-gradient":""},"mobile":{"background-color":"var(--ast-global-color-5)","background-image":"","background-repeat":"repeat","background-position":"center center","background-size":"auto","background-attachment":"scroll","background-type":"","background-media":"","overlay-type":"","overlay-color":"","overlay-opacity":"","overlay-gradient":""}},"footnotes":""},"categories":[13,1],"tags":[],"class_list":["post-5527","post","type-post","status-publish","format-standard","has-post-thumbnail","hentry","category-direito-empresarial","category-sem-categoria"],"_links":{"self":[{"href":"http:\/\/cotrimadvogados.adv.br\/index.php?rest_route=\/wp\/v2\/posts\/5527","targetHints":{"allow":["GET"]}}],"collection":[{"href":"http:\/\/cotrimadvogados.adv.br\/index.php?rest_route=\/wp\/v2\/posts"}],"about":[{"href":"http:\/\/cotrimadvogados.adv.br\/index.php?rest_route=\/wp\/v2\/types\/post"}],"author":[{"embeddable":true,"href":"http:\/\/cotrimadvogados.adv.br\/index.php?rest_route=\/wp\/v2\/users\/1"}],"replies":[{"embeddable":true,"href":"http:\/\/cotrimadvogados.adv.br\/index.php?rest_route=%2Fwp%2Fv2%2Fcomments&post=5527"}],"version-history":[{"count":0,"href":"http:\/\/cotrimadvogados.adv.br\/index.php?rest_route=\/wp\/v2\/posts\/5527\/revisions"}],"wp:featuredmedia":[{"embeddable":true,"href":"http:\/\/cotrimadvogados.adv.br\/index.php?rest_route=\/wp\/v2\/media\/5528"}],"wp:attachment":[{"href":"http:\/\/cotrimadvogados.adv.br\/index.php?rest_route=%2Fwp%2Fv2%2Fmedia&parent=5527"}],"wp:term":[{"taxonomy":"category","embeddable":true,"href":"http:\/\/cotrimadvogados.adv.br\/index.php?rest_route=%2Fwp%2Fv2%2Fcategories&post=5527"},{"taxonomy":"post_tag","embeddable":true,"href":"http:\/\/cotrimadvogados.adv.br\/index.php?rest_route=%2Fwp%2Fv2%2Ftags&post=5527"}],"curies":[{"name":"wp","href":"https:\/\/api.w.org\/{rel}","templated":true}]}}