{"id":5530,"date":"2026-03-12T16:29:25","date_gmt":"2026-03-12T19:29:25","guid":{"rendered":"http:\/\/cotrimadvogados-adv-br.umbler.net\/?p=5530"},"modified":"2026-03-12T16:34:59","modified_gmt":"2026-03-12T19:34:59","slug":"stj-multa-por-infracao-ambiental-independe-de-advertencia-previa","status":"publish","type":"post","link":"http:\/\/cotrimadvogados.adv.br\/?p=5530","title":{"rendered":"STJ: Multa por infra\u00e7\u00e3o ambiental independe de advert\u00eancia pr\u00e9via"},"content":{"rendered":"\n<p>Em julgamento de recurso repetitivo, a 1\u00aa se\u00e7\u00e3o do STJ fixou a tese segundo a qual &#8220;a validade das multas administrativas por infra\u00e7\u00e3o ambiental, previstas na lei 9.605\/98, independe da pr\u00e9via aplica\u00e7\u00e3o da penalidade de advert\u00eancia&#8221;.<\/p>\n\n\n\n<p>Segundo a relatora do Tema 1.159, ministra Regina Helena Costa, deve-se adotar, na interpreta\u00e7\u00e3o das normas ambientais, a perspectiva da m\u00e1xima prote\u00e7\u00e3o ao meio ambiente.<\/p>\n\n\n\n<p>A ministra lembrou que a lei 9.605\/98 n\u00e3o estabeleceu ordem hier\u00e1rquica entre as penalidades administrativas por descumprimento da legisla\u00e7\u00e3o ambiental, previstas no seu art. 72.<\/p>\n\n\n\n<p>Para a relatora, n\u00e3o h\u00e1 previs\u00e3o legal expressa que condicione a validade da aplica\u00e7\u00e3o da pena de multa ao infrator ambiental \u00e0 pr\u00e9via imposi\u00e7\u00e3o da penalidade de advert\u00eancia.<\/p>\n\n\n\n<p>&#8220;O aspecto decisivo eleito pela apontada lei para balizar a comina\u00e7\u00e3o das san\u00e7\u00f5es administrativas por infra\u00e7\u00f5es ambientais foi, a priori, a gravidade do fato, aferida pela autoridade competente, \u00e0 vista da situa\u00e7\u00e3o f\u00e1tica&#8221;, afirmou.<\/p>\n\n\n\n<p>Multa \u00e9 aplicada nos casos mais graves de degrada\u00e7\u00e3o ambiental<\/p>\n\n\n\n<p>Segundo a relatora, essa op\u00e7\u00e3o legislativa atende \u00e0 efetividade da tutela administrativa ambiental, pois a advert\u00eancia tem o papel de sancionar apenas as transgress\u00f5es administrativas menos lesivas ao meio ambiente, ou de conceder ao autuado prazo para corrigir a irregularidade (art. 5\u00ba, \u00a72\u00ba, do decreto 6.514\/08).<\/p>\n\n\n\n<p>Ao citar doutrina, a ministra ponderou que, nos casos em que a infra\u00e7\u00e3o ambiental possa causar danos ecol\u00f3gicos graves ou irrevers\u00edveis &#8211; ou seja, quando se trata de irregularidades insan\u00e1veis -, n\u00e3o h\u00e1 sentido em conceder tal prazo ao infrator.<\/p>\n\n\n\n<p>Regina Helena Costa observou que, quando o legislador considera necess\u00e1rio estabelecer grada\u00e7\u00f5es entre hip\u00f3teses legais, o faz de modo expl\u00edcito, empregando locu\u00e7\u00f5es inequ\u00edvocas, como &#8220;sucessivamente&#8221; ou &#8220;na seguinte ordem&#8221;.<\/p>\n\n\n\n<p>Efic\u00e1cia<\/p>\n\n\n\n<p>Na avalia\u00e7\u00e3o da ministra, a aplica\u00e7\u00e3o direta da multa nos casos mais graves incentiva o cumprimento volunt\u00e1rio das leis e dos regulamentos ambientais, pois a puni\u00e7\u00e3o financeira \u00e9 mais eficaz para desencorajar a pr\u00e1tica de novas agress\u00f5es ao meio ambiente.<\/p>\n\n\n\n<p>Regina Helena ponderou que a penalidade de advert\u00eancia tem car\u00e1ter fundamentalmente educativo, sendo pouco empregada pelo poder de pol\u00edcia ambiental &#8211; respons\u00e1vel pela concretiza\u00e7\u00e3o do direito fundamental ao meio ambiente ecologicamente equilibrado.<\/p>\n\n\n\n<p>Tal poder, explicou, permite a ado\u00e7\u00e3o de medidas preventivas, tais como a advert\u00eancia e a exig\u00eancia de licen\u00e7as e autoriza\u00e7\u00f5es para o exerc\u00edcio de atividades potencialmente lesivas \u00e0 biodiversidade, e tamb\u00e9m a atua\u00e7\u00e3o repressiva, a exemplo da aplica\u00e7\u00e3o de multas e interdi\u00e7\u00f5es.<\/p>\n\n\n\n<p>Fonte: Migalhas<br>Disponivel em: <a rel=\"noreferrer noopener\" href=\"https:\/\/www.migalhas.com.br\/quentes\/395329\/stj-multa-por-infracao-ambiental-independe-de-advertencia-previa\" target=\"_blank\">https:\/\/www.migalhas.com.br\/quentes\/395329\/stj-multa-por-infracao-ambiental-independe-de-advertencia&#8230;<\/a><\/p>\n","protected":false},"excerpt":{"rendered":"<p>Em julgamento de recurso repetitivo, a 1\u00aa se\u00e7\u00e3o do STJ fixou a tese segundo a qual &#8220;a validade das multas administrativas por infra\u00e7\u00e3o ambiental, previstas na lei 9.605\/98, independe da pr\u00e9via aplica\u00e7\u00e3o da penalidade de advert\u00eancia&#8221;. Segundo a relatora do Tema 1.159, ministra Regina Helena Costa, deve-se adotar, na interpreta\u00e7\u00e3o das normas ambientais, a perspectiva [&hellip;]<\/p>\n","protected":false},"author":1,"featured_media":5531,"comment_status":"closed","ping_status":"closed","sticky":false,"template":"","format":"standard","meta":{"site-sidebar-layout":"default","site-content-layout":"default","ast-site-content-layout":"default","site-content-style":"default","site-sidebar-style":"default","ast-global-header-display":"","ast-banner-title-visibility":"","ast-main-header-display":"","ast-hfb-above-header-display":"","ast-hfb-below-header-display":"","ast-hfb-mobile-header-display":"","site-post-title":"","ast-breadcrumbs-content":"","ast-featured-img":"","footer-sml-layout":"","ast-disable-related-posts":"","theme-transparent-header-meta":"default","adv-header-id-meta":"","stick-header-meta":"","header-above-stick-meta":"","header-main-stick-meta":"","header-below-stick-meta":"","astra-migrate-meta-layouts":"default","ast-page-background-enabled":"default","ast-page-background-meta":{"desktop":{"background-color":"","background-image":"","background-repeat":"repeat","background-position":"center center","background-size":"auto","background-attachment":"scroll","background-type":"","background-media":"","overlay-type":"","overlay-color":"","overlay-opacity":"","overlay-gradient":""},"tablet":{"background-color":"","background-image":"","background-repeat":"repeat","background-position":"center center","background-size":"auto","background-attachment":"scroll","background-type":"","background-media":"","overlay-type":"","overlay-color":"","overlay-opacity":"","overlay-gradient":""},"mobile":{"background-color":"","background-image":"","background-repeat":"repeat","background-position":"center center","background-size":"auto","background-attachment":"scroll","background-type":"","background-media":"","overlay-type":"","overlay-color":"","overlay-opacity":"","overlay-gradient":""}},"ast-content-background-meta":{"desktop":{"background-color":"var(--ast-global-color-5)","background-image":"","background-repeat":"repeat","background-position":"center center","background-size":"auto","background-attachment":"scroll","background-type":"","background-media":"","overlay-type":"","overlay-color":"","overlay-opacity":"","overlay-gradient":""},"tablet":{"background-color":"var(--ast-global-color-5)","background-image":"","background-repeat":"repeat","background-position":"center center","background-size":"auto","background-attachment":"scroll","background-type":"","background-media":"","overlay-type":"","overlay-color":"","overlay-opacity":"","overlay-gradient":""},"mobile":{"background-color":"var(--ast-global-color-5)","background-image":"","background-repeat":"repeat","background-position":"center center","background-size":"auto","background-attachment":"scroll","background-type":"","background-media":"","overlay-type":"","overlay-color":"","overlay-opacity":"","overlay-gradient":""}},"footnotes":""},"categories":[13,1],"tags":[],"class_list":["post-5530","post","type-post","status-publish","format-standard","has-post-thumbnail","hentry","category-direito-empresarial","category-sem-categoria"],"_links":{"self":[{"href":"http:\/\/cotrimadvogados.adv.br\/index.php?rest_route=\/wp\/v2\/posts\/5530","targetHints":{"allow":["GET"]}}],"collection":[{"href":"http:\/\/cotrimadvogados.adv.br\/index.php?rest_route=\/wp\/v2\/posts"}],"about":[{"href":"http:\/\/cotrimadvogados.adv.br\/index.php?rest_route=\/wp\/v2\/types\/post"}],"author":[{"embeddable":true,"href":"http:\/\/cotrimadvogados.adv.br\/index.php?rest_route=\/wp\/v2\/users\/1"}],"replies":[{"embeddable":true,"href":"http:\/\/cotrimadvogados.adv.br\/index.php?rest_route=%2Fwp%2Fv2%2Fcomments&post=5530"}],"version-history":[{"count":0,"href":"http:\/\/cotrimadvogados.adv.br\/index.php?rest_route=\/wp\/v2\/posts\/5530\/revisions"}],"wp:featuredmedia":[{"embeddable":true,"href":"http:\/\/cotrimadvogados.adv.br\/index.php?rest_route=\/wp\/v2\/media\/5531"}],"wp:attachment":[{"href":"http:\/\/cotrimadvogados.adv.br\/index.php?rest_route=%2Fwp%2Fv2%2Fmedia&parent=5530"}],"wp:term":[{"taxonomy":"category","embeddable":true,"href":"http:\/\/cotrimadvogados.adv.br\/index.php?rest_route=%2Fwp%2Fv2%2Fcategories&post=5530"},{"taxonomy":"post_tag","embeddable":true,"href":"http:\/\/cotrimadvogados.adv.br\/index.php?rest_route=%2Fwp%2Fv2%2Ftags&post=5530"}],"curies":[{"name":"wp","href":"https:\/\/api.w.org\/{rel}","templated":true}]}}