{"id":5538,"date":"2026-03-12T16:29:35","date_gmt":"2026-03-12T19:29:35","guid":{"rendered":"http:\/\/cotrimadvogados-adv-br.umbler.net\/?p=5538"},"modified":"2026-03-12T16:34:59","modified_gmt":"2026-03-12T19:34:59","slug":"empresa-de-fotografia-e-condenada-apos-perder-fotos-de-formatura","status":"publish","type":"post","link":"http:\/\/cotrimadvogados.adv.br\/?p=5538","title":{"rendered":"Empresa de fotografia \u00e9 condenada ap\u00f3s perder fotos de formatura"},"content":{"rendered":"\n<p>A 1\u00aa turma recursal do TJ\/SC manteve senten\u00e7a condenat\u00f3ria de uma empresa de fotografia que perdeu imagens de cerm\u00f4nia de formatura. O colegiado fixou a indeniza\u00e7\u00e3o em R$ 9,6 mil em favor da formanda, por danos materiais e morais.&nbsp;<\/p>\n\n\n\n<p>Segundo os autos, a estudante e os demais formandos firmaram com a empresa contrato de presta\u00e7\u00e3o de servi\u00e7os. Uma das obriga\u00e7\u00f5es era registrar fotos tanto da cola\u00e7\u00e3o de grau quanto do baile de formatura, assim como v\u00eddeos dos eventos.<\/p>\n\n\n\n<p>Entretanto, ap\u00f3s os eventos, a empresa informou que o HD onde os registros fotogr\u00e1ficos estavam armazenados havia apresentado problemas. Segundo os profissionais, nem todas as fotos puderam ser recuperadas. Ao ser informada de que seria imposs\u00edvel a recupera\u00e7\u00e3o de fotos e v\u00eddeos em que aparecia, a aluna postulou a\u00e7\u00e3o, decorrente da evidente frustra\u00e7\u00e3o e tristeza.<\/p>\n\n\n\n<p>Ao analisar o caso, o relator&nbsp; Luis Francisco Delpizzo Miranda&nbsp;afirmou que, &#8220;analisando detidamente as fotos anexadas com a contesta\u00e7\u00e3o, f\u00e1cil perceber a exist\u00eancia de poucas fotos no evento &#8216;baile de formatura&#8217; relativamente \u00e0 autora. As fotos anexadas s\u00e3o predominantemente da cola\u00e7\u00e3o de grau e de eventos anteriores ao baile de formatura, sendo n\u00edtida a aus\u00eancia de fotografias da autora com seu grupo familiar\/\u00edntimo no baile&#8221;, destaca a senten\u00e7a.<\/p>\n\n\n\n<p>A empresa recorreu, por\u00e9m, a senten\u00e7a foi mantida pelo magistrado relator do recurso, em voto seguido por unanimidade pelos demais membros da turma recursal.<\/p>\n\n\n\n<p>Fonte: Migalhas<br>Disponivel em: <a rel=\"noreferrer noopener\" href=\"https:\/\/www.migalhas.com.br\/quentes\/395290\/empresa-de-fotografia-e-condenada-apos-perder-fotos-de-formatura\" target=\"_blank\">https:\/\/www.migalhas.com.br\/quentes\/395290\/empresa-de-fotografia-e-condenada-apos-perder-fotos-de-fo&#8230;<\/a><\/p>\n","protected":false},"excerpt":{"rendered":"<p>A 1\u00aa turma recursal do TJ\/SC manteve senten\u00e7a condenat\u00f3ria de uma empresa de fotografia que perdeu imagens de cerm\u00f4nia de formatura. O colegiado fixou a indeniza\u00e7\u00e3o em R$ 9,6 mil em favor da formanda, por danos materiais e morais.&nbsp; Segundo os autos, a estudante e os demais formandos firmaram com a empresa contrato de presta\u00e7\u00e3o [&hellip;]<\/p>\n","protected":false},"author":1,"featured_media":5539,"comment_status":"closed","ping_status":"closed","sticky":false,"template":"","format":"standard","meta":{"site-sidebar-layout":"default","site-content-layout":"default","ast-site-content-layout":"default","site-content-style":"default","site-sidebar-style":"default","ast-global-header-display":"","ast-banner-title-visibility":"","ast-main-header-display":"","ast-hfb-above-header-display":"","ast-hfb-below-header-display":"","ast-hfb-mobile-header-display":"","site-post-title":"","ast-breadcrumbs-content":"","ast-featured-img":"","footer-sml-layout":"","ast-disable-related-posts":"","theme-transparent-header-meta":"default","adv-header-id-meta":"","stick-header-meta":"","header-above-stick-meta":"","header-main-stick-meta":"","header-below-stick-meta":"","astra-migrate-meta-layouts":"default","ast-page-background-enabled":"default","ast-page-background-meta":{"desktop":{"background-color":"","background-image":"","background-repeat":"repeat","background-position":"center center","background-size":"auto","background-attachment":"scroll","background-type":"","background-media":"","overlay-type":"","overlay-color":"","overlay-opacity":"","overlay-gradient":""},"tablet":{"background-color":"","background-image":"","background-repeat":"repeat","background-position":"center center","background-size":"auto","background-attachment":"scroll","background-type":"","background-media":"","overlay-type":"","overlay-color":"","overlay-opacity":"","overlay-gradient":""},"mobile":{"background-color":"","background-image":"","background-repeat":"repeat","background-position":"center center","background-size":"auto","background-attachment":"scroll","background-type":"","background-media":"","overlay-type":"","overlay-color":"","overlay-opacity":"","overlay-gradient":""}},"ast-content-background-meta":{"desktop":{"background-color":"var(--ast-global-color-5)","background-image":"","background-repeat":"repeat","background-position":"center center","background-size":"auto","background-attachment":"scroll","background-type":"","background-media":"","overlay-type":"","overlay-color":"","overlay-opacity":"","overlay-gradient":""},"tablet":{"background-color":"var(--ast-global-color-5)","background-image":"","background-repeat":"repeat","background-position":"center center","background-size":"auto","background-attachment":"scroll","background-type":"","background-media":"","overlay-type":"","overlay-color":"","overlay-opacity":"","overlay-gradient":""},"mobile":{"background-color":"var(--ast-global-color-5)","background-image":"","background-repeat":"repeat","background-position":"center center","background-size":"auto","background-attachment":"scroll","background-type":"","background-media":"","overlay-type":"","overlay-color":"","overlay-opacity":"","overlay-gradient":""}},"footnotes":""},"categories":[13,1],"tags":[],"class_list":["post-5538","post","type-post","status-publish","format-standard","has-post-thumbnail","hentry","category-direito-empresarial","category-sem-categoria"],"_links":{"self":[{"href":"http:\/\/cotrimadvogados.adv.br\/index.php?rest_route=\/wp\/v2\/posts\/5538","targetHints":{"allow":["GET"]}}],"collection":[{"href":"http:\/\/cotrimadvogados.adv.br\/index.php?rest_route=\/wp\/v2\/posts"}],"about":[{"href":"http:\/\/cotrimadvogados.adv.br\/index.php?rest_route=\/wp\/v2\/types\/post"}],"author":[{"embeddable":true,"href":"http:\/\/cotrimadvogados.adv.br\/index.php?rest_route=\/wp\/v2\/users\/1"}],"replies":[{"embeddable":true,"href":"http:\/\/cotrimadvogados.adv.br\/index.php?rest_route=%2Fwp%2Fv2%2Fcomments&post=5538"}],"version-history":[{"count":0,"href":"http:\/\/cotrimadvogados.adv.br\/index.php?rest_route=\/wp\/v2\/posts\/5538\/revisions"}],"wp:featuredmedia":[{"embeddable":true,"href":"http:\/\/cotrimadvogados.adv.br\/index.php?rest_route=\/wp\/v2\/media\/5539"}],"wp:attachment":[{"href":"http:\/\/cotrimadvogados.adv.br\/index.php?rest_route=%2Fwp%2Fv2%2Fmedia&parent=5538"}],"wp:term":[{"taxonomy":"category","embeddable":true,"href":"http:\/\/cotrimadvogados.adv.br\/index.php?rest_route=%2Fwp%2Fv2%2Fcategories&post=5538"},{"taxonomy":"post_tag","embeddable":true,"href":"http:\/\/cotrimadvogados.adv.br\/index.php?rest_route=%2Fwp%2Fv2%2Ftags&post=5538"}],"curies":[{"name":"wp","href":"https:\/\/api.w.org\/{rel}","templated":true}]}}