{"id":5578,"date":"2026-03-12T16:29:24","date_gmt":"2026-03-12T19:29:24","guid":{"rendered":"http:\/\/cotrimadvogados.adv.br\/?p=5578"},"modified":"2026-03-12T16:34:59","modified_gmt":"2026-03-12T19:34:59","slug":"tj-sp-ha-abusividade-em-voto-de-credor-contra-recuperacao-judicial","status":"publish","type":"post","link":"http:\/\/cotrimadvogados.adv.br\/?p=5578","title":{"rendered":"TJ\/SP: H\u00e1 abusividade em voto de credor contra recupera\u00e7\u00e3o judicial"},"content":{"rendered":"\n<p>A 1\u00aa c\u00e2mara Reservada de Direito Empresarial do TJ\/SP manteve decis\u00e3o que reconheceu abusividade em voto de banco credor que rejeitou plano de recupera\u00e7\u00e3o judicial. Colegiado entendeu que&nbsp;o voto&nbsp; foi proferido fora dos limites impostos pelos fins econ\u00f4micos ou sociais, pela boa-f\u00e9 ou pelos bons costumes, nos termos do CC.<\/p>\n\n\n\n<p>Segundo os autos, o banco agravante alegou que votou contra o plano por considerar impr\u00f3prias as condi\u00e7\u00f5es impostas pela devedora, tais como o des\u00e1gio de 75% dos cr\u00e9ditos, pagamento em 13 anos, car\u00eancia de 18 meses e pagamentos trimestrais &#8211; o que, no entendimento do agravante, significaria perd\u00e3o da d\u00edvida. O voto, no entanto, foi considerado nulo com base em dispositivo da lei 11.101\/05 que disp\u00f5e sobre abusividade quando o voto \u00e9 manifestamente exercido para obter vantagem il\u00edcita.<\/p>\n\n\n\n<p>No entendimento do relator do ac\u00f3rd\u00e3o, desembargador Azuma Nishi, a abusividade deve ser mantida, uma vez que o voto exercido pelo credor, na condi\u00e7\u00e3o de representante \u00fanico da classe e com poder de reprovar o plano, foi proferido fora dos limites impostos pelos fins econ\u00f4micos ou sociais, pela boa-f\u00e9 ou pelos bons costumes, nos termos do CC. &#8220;Em resumo, \u00e9 abusivo o voto que exceda a finalidade econ\u00f4mica, motivado por des\u00edgnios an\u00f4malos, valendo acrescentar que a interpreta\u00e7\u00e3o da express\u00e3o vantagem indevida n\u00e3o deve ser feita restritivamente&#8221;, pontuou o magistrado.&nbsp;<\/p>\n\n\n\n<p>&#8220;A piora nas condi\u00e7\u00f5es de recebimento do cr\u00e9dito na fal\u00eancia conjugada com o desinteresse em negociar durante a assembleia \u00e9 indicativo de voto meramente vingativo, o que destoa do princ\u00edpio da prote\u00e7\u00e3o da empresa, que permeia todo o sistema da recupera\u00e7\u00e3o judicial&#8221;, escreveu.&nbsp;&nbsp;<\/p>\n\n\n\n<p>&#8220;No caso em tela, de fato, verifica-se que a conduta do credor agravante n\u00e3o possui racionalidade econ\u00f4mica, pois n\u00e3o h\u00e1 d\u00favida de que embora as condi\u00e7\u00f5es do plano n\u00e3o sejam aquelas que ele gostaria de obter, o cen\u00e1rio da fal\u00eancia \u00e9 bem pior, considerando que o agravante integra tamb\u00e9m a classe dos quirograf\u00e1rios.&#8221;<\/p>\n\n\n\n<p>No entanto, o agravo de instrumento foi provido em parte para determinar que eventuais mudan\u00e7as no quadro de credores dever\u00e3o ser acompanhadas da readequa\u00e7\u00e3o do valor trimestral repassado pela recuperanda, de modo a evitar des\u00e1gio impl\u00edcito, al\u00e9m de reconhecer a ilicitude de cl\u00e1usula que prev\u00ea a compensa\u00e7\u00e3o de cr\u00e9ditos de forma gen\u00e9rica e cl\u00e1usula que n\u00e3o determina conceitos de casos fortuito ou de for\u00e7a maior que autorizam a suspens\u00e3o do pagamento.<\/p>\n\n\n\n<p>Fonte: Migalhas<br>Disponivel em: <a href=\"https:\/\/www.migalhas.com.br\/quentes\/397571\/tj-sp-ha-abusividade-em-voto-de-credor-contra-recuperacao-judicial\" target=\"_blank\" rel=\"noreferrer noopener\">https:\/\/www.migalhas.com.br\/quentes\/397571\/tj-sp-ha-abusividade-em-voto-de-credor-contra-recuperacao&#8230;<\/a><\/p>\n","protected":false},"excerpt":{"rendered":"<p>A 1\u00aa c\u00e2mara Reservada de Direito Empresarial do TJ\/SP manteve decis\u00e3o que reconheceu abusividade em voto de banco credor que rejeitou plano de recupera\u00e7\u00e3o judicial. Colegiado entendeu que&nbsp;o voto&nbsp; foi proferido fora dos limites impostos pelos fins econ\u00f4micos ou sociais, pela boa-f\u00e9 ou pelos bons costumes, nos termos do CC. Segundo os autos, o banco [&hellip;]<\/p>\n","protected":false},"author":1,"featured_media":5582,"comment_status":"closed","ping_status":"closed","sticky":false,"template":"","format":"standard","meta":{"site-sidebar-layout":"default","site-content-layout":"default","ast-site-content-layout":"default","site-content-style":"default","site-sidebar-style":"default","ast-global-header-display":"","ast-banner-title-visibility":"","ast-main-header-display":"","ast-hfb-above-header-display":"","ast-hfb-below-header-display":"","ast-hfb-mobile-header-display":"","site-post-title":"","ast-breadcrumbs-content":"","ast-featured-img":"","footer-sml-layout":"","ast-disable-related-posts":"","theme-transparent-header-meta":"default","adv-header-id-meta":"","stick-header-meta":"","header-above-stick-meta":"","header-main-stick-meta":"","header-below-stick-meta":"","astra-migrate-meta-layouts":"default","ast-page-background-enabled":"default","ast-page-background-meta":{"desktop":{"background-color":"","background-image":"","background-repeat":"repeat","background-position":"center center","background-size":"auto","background-attachment":"scroll","background-type":"","background-media":"","overlay-type":"","overlay-color":"","overlay-opacity":"","overlay-gradient":""},"tablet":{"background-color":"","background-image":"","background-repeat":"repeat","background-position":"center center","background-size":"auto","background-attachment":"scroll","background-type":"","background-media":"","overlay-type":"","overlay-color":"","overlay-opacity":"","overlay-gradient":""},"mobile":{"background-color":"","background-image":"","background-repeat":"repeat","background-position":"center center","background-size":"auto","background-attachment":"scroll","background-type":"","background-media":"","overlay-type":"","overlay-color":"","overlay-opacity":"","overlay-gradient":""}},"ast-content-background-meta":{"desktop":{"background-color":"var(--ast-global-color-5)","background-image":"","background-repeat":"repeat","background-position":"center center","background-size":"auto","background-attachment":"scroll","background-type":"","background-media":"","overlay-type":"","overlay-color":"","overlay-opacity":"","overlay-gradient":""},"tablet":{"background-color":"var(--ast-global-color-5)","background-image":"","background-repeat":"repeat","background-position":"center center","background-size":"auto","background-attachment":"scroll","background-type":"","background-media":"","overlay-type":"","overlay-color":"","overlay-opacity":"","overlay-gradient":""},"mobile":{"background-color":"var(--ast-global-color-5)","background-image":"","background-repeat":"repeat","background-position":"center center","background-size":"auto","background-attachment":"scroll","background-type":"","background-media":"","overlay-type":"","overlay-color":"","overlay-opacity":"","overlay-gradient":""}},"footnotes":""},"categories":[13,1],"tags":[],"class_list":["post-5578","post","type-post","status-publish","format-standard","has-post-thumbnail","hentry","category-direito-empresarial","category-sem-categoria"],"_links":{"self":[{"href":"http:\/\/cotrimadvogados.adv.br\/index.php?rest_route=\/wp\/v2\/posts\/5578","targetHints":{"allow":["GET"]}}],"collection":[{"href":"http:\/\/cotrimadvogados.adv.br\/index.php?rest_route=\/wp\/v2\/posts"}],"about":[{"href":"http:\/\/cotrimadvogados.adv.br\/index.php?rest_route=\/wp\/v2\/types\/post"}],"author":[{"embeddable":true,"href":"http:\/\/cotrimadvogados.adv.br\/index.php?rest_route=\/wp\/v2\/users\/1"}],"replies":[{"embeddable":true,"href":"http:\/\/cotrimadvogados.adv.br\/index.php?rest_route=%2Fwp%2Fv2%2Fcomments&post=5578"}],"version-history":[{"count":0,"href":"http:\/\/cotrimadvogados.adv.br\/index.php?rest_route=\/wp\/v2\/posts\/5578\/revisions"}],"wp:featuredmedia":[{"embeddable":true,"href":"http:\/\/cotrimadvogados.adv.br\/index.php?rest_route=\/wp\/v2\/media\/5582"}],"wp:attachment":[{"href":"http:\/\/cotrimadvogados.adv.br\/index.php?rest_route=%2Fwp%2Fv2%2Fmedia&parent=5578"}],"wp:term":[{"taxonomy":"category","embeddable":true,"href":"http:\/\/cotrimadvogados.adv.br\/index.php?rest_route=%2Fwp%2Fv2%2Fcategories&post=5578"},{"taxonomy":"post_tag","embeddable":true,"href":"http:\/\/cotrimadvogados.adv.br\/index.php?rest_route=%2Fwp%2Fv2%2Ftags&post=5578"}],"curies":[{"name":"wp","href":"https:\/\/api.w.org\/{rel}","templated":true}]}}