{"id":5590,"date":"2026-03-12T16:29:33","date_gmt":"2026-03-12T19:29:33","guid":{"rendered":"http:\/\/cotrimadvogados.adv.br\/?p=5590"},"modified":"2026-03-12T16:34:59","modified_gmt":"2026-03-12T19:34:59","slug":"juiz-autoriza-processamento-de-rj-do-instituto-de-cardiologia-do-rs","status":"publish","type":"post","link":"http:\/\/cotrimadvogados.adv.br\/?p=5590","title":{"rendered":"Juiz autoriza processamento de RJ do Instituto de Cardiologia do RS"},"content":{"rendered":"\n<p>Na an\u00e1lise de um pedido de recupera\u00e7\u00e3o judicial, o cerne da quest\u00e3o n\u00e3o \u00e9 a natureza jur\u00eddica do agente econ\u00f4mico, mas o impacto da sua atividade nos aspectos culturais, econ\u00f4micos, sociais e educativos. Agentes que prestam servi\u00e7os de ineg\u00e1vel relev\u00e2ncia social e econ\u00f4mica devem ser contemplados pelo instituto da recupera\u00e7\u00e3o judicial.<\/p>\n\n\n\n<p>Assim, a Vara Regional Empresarial de Porto Alegre autorizou o processamento da recupera\u00e7\u00e3o judicial do Instituto de Cardiologia do Rio Grande do Sul. A decis\u00e3o tamb\u00e9m suspendeu bloqueios e outros atos executivos contra a entidade e lhe deu um prazo de 60 dias para apresentar um plano de recupera\u00e7\u00e3o.<\/p>\n\n\n\n<p>O instituto \u00e9 um centro de assist\u00eancia m\u00e9dica, ensino e pesquisa especializado em cardiologia. Nos \u00faltimos anos, seu d\u00e9ficit financeiro, relativo a obriga\u00e7\u00f5es trabalhistas e d\u00edvidas com fornecedores, chegou a R$ 257 milh\u00f5es.<\/p>\n\n\n\n<p>Conforme o laudo de constata\u00e7\u00e3o pr\u00e9via, o instituto concentrou 51,4% dos atendimentos de cardiologia via SUS em Porto Alegre no \u00faltimo ano. Atualmente, a entidade opera 947 leitos e possui 4 mil funcion\u00e1rios distribu\u00eddos em cinco hospitais.<\/p>\n\n\n\n<p>Quanto ao ensino, o instituto j\u00e1 formou 1.080 residentes, 263 mestres e 110 doutores em cardiologia, al\u00e9m de 2.712 t\u00e9cnicos em enfremagem. Tamb\u00e9m j\u00e1 publicou mais de 1.975 artigos cient\u00edficos e mais de 5.635 temas livres.<\/p>\n\n\n\n<p>A entidade \u00e9 constitu\u00edda como uma funda\u00e7\u00e3o. O juiz Gilberto Sch\u00e4fer destacou que, conforme&nbsp;<a href=\"https:\/\/www.conjur.com.br\/2022-mar-25\/stj-restabelece-liminar-associacoes-sigam-recuperacao\/\" target=\"_blank\" rel=\"noreferrer noopener\">precedente<\/a>&nbsp;do Superior Tribunal de Justi\u00e7a, a inscri\u00e7\u00e3o no registro de empresas determina apenas a regularidade de uma atividade e n\u00e3o serve para caracteriz\u00e1-la como empres\u00e1ria.<\/p>\n\n\n\n<p>\u201cEm uma an\u00e1lise sist\u00eamica, \u00e9 necess\u00e1rio alargar a interpreta\u00e7\u00e3o normativa de empresa\u201d, concluiu o magistrado. Para ele, a atividade do instituto tem relev\u00e2ncia concreta. Al\u00e9m disso, o laudo t\u00e9cnico constatou o impacto social da atividade.<\/p>\n\n\n\n<p>Segundo Sch\u00e4fer, o servi\u00e7o p\u00fablico de sa\u00fade e ensino feito pelo instituto \u201c\u00e9 de alta relev\u00e2ncia p\u00fablica\u201d. Assim, \u201co \u00eaxito da recupera\u00e7\u00e3o e de sua reestrutura\u00e7\u00e3o certamente passar\u00e3o por di\u00e1logos institucionais relevantes\u201d.<\/p>\n\n\n\n<p>Na decis\u00e3o, o juiz tamb\u00e9m determinou que o laudo de constata\u00e7\u00e3o seja enviado \u00e0 ministra da Sa\u00fade, N\u00edsia Trindade; aos secret\u00e1rios estaduais e municipais das \u00e1reas envolvidas; e \u00e0s comiss\u00f5es parlamentares federal, estadual e municipal de sa\u00fade.<br><br>Fonte: ConJur<br>Disponivel em: <a href=\"https:\/\/www.conjur.com.br\/2023-nov-27\/juiz-autoriza-processamento-de-rj-do-instituto-de-cardiologia-do-rs\/\" target=\"_blank\" rel=\"noreferrer noopener\">https:\/\/www.conjur.com.br\/2023-nov-27\/juiz-autoriza-processamento-de-rj-do-instituto-de-cardiologia-&#8230;<\/a><\/p>\n","protected":false},"excerpt":{"rendered":"<p>Na an\u00e1lise de um pedido de recupera\u00e7\u00e3o judicial, o cerne da quest\u00e3o n\u00e3o \u00e9 a natureza jur\u00eddica do agente econ\u00f4mico, mas o impacto da sua atividade nos aspectos culturais, econ\u00f4micos, sociais e educativos. Agentes que prestam servi\u00e7os de ineg\u00e1vel relev\u00e2ncia social e econ\u00f4mica devem ser contemplados pelo instituto da recupera\u00e7\u00e3o judicial. Assim, a Vara Regional [&hellip;]<\/p>\n","protected":false},"author":1,"featured_media":5591,"comment_status":"closed","ping_status":"closed","sticky":false,"template":"","format":"standard","meta":{"site-sidebar-layout":"default","site-content-layout":"default","ast-site-content-layout":"default","site-content-style":"default","site-sidebar-style":"default","ast-global-header-display":"","ast-banner-title-visibility":"","ast-main-header-display":"","ast-hfb-above-header-display":"","ast-hfb-below-header-display":"","ast-hfb-mobile-header-display":"","site-post-title":"","ast-breadcrumbs-content":"","ast-featured-img":"","footer-sml-layout":"","ast-disable-related-posts":"","theme-transparent-header-meta":"default","adv-header-id-meta":"","stick-header-meta":"","header-above-stick-meta":"","header-main-stick-meta":"","header-below-stick-meta":"","astra-migrate-meta-layouts":"default","ast-page-background-enabled":"default","ast-page-background-meta":{"desktop":{"background-color":"","background-image":"","background-repeat":"repeat","background-position":"center center","background-size":"auto","background-attachment":"scroll","background-type":"","background-media":"","overlay-type":"","overlay-color":"","overlay-opacity":"","overlay-gradient":""},"tablet":{"background-color":"","background-image":"","background-repeat":"repeat","background-position":"center center","background-size":"auto","background-attachment":"scroll","background-type":"","background-media":"","overlay-type":"","overlay-color":"","overlay-opacity":"","overlay-gradient":""},"mobile":{"background-color":"","background-image":"","background-repeat":"repeat","background-position":"center center","background-size":"auto","background-attachment":"scroll","background-type":"","background-media":"","overlay-type":"","overlay-color":"","overlay-opacity":"","overlay-gradient":""}},"ast-content-background-meta":{"desktop":{"background-color":"var(--ast-global-color-5)","background-image":"","background-repeat":"repeat","background-position":"center center","background-size":"auto","background-attachment":"scroll","background-type":"","background-media":"","overlay-type":"","overlay-color":"","overlay-opacity":"","overlay-gradient":""},"tablet":{"background-color":"var(--ast-global-color-5)","background-image":"","background-repeat":"repeat","background-position":"center center","background-size":"auto","background-attachment":"scroll","background-type":"","background-media":"","overlay-type":"","overlay-color":"","overlay-opacity":"","overlay-gradient":""},"mobile":{"background-color":"var(--ast-global-color-5)","background-image":"","background-repeat":"repeat","background-position":"center center","background-size":"auto","background-attachment":"scroll","background-type":"","background-media":"","overlay-type":"","overlay-color":"","overlay-opacity":"","overlay-gradient":""}},"footnotes":""},"categories":[13,1],"tags":[],"class_list":["post-5590","post","type-post","status-publish","format-standard","has-post-thumbnail","hentry","category-direito-empresarial","category-sem-categoria"],"_links":{"self":[{"href":"http:\/\/cotrimadvogados.adv.br\/index.php?rest_route=\/wp\/v2\/posts\/5590","targetHints":{"allow":["GET"]}}],"collection":[{"href":"http:\/\/cotrimadvogados.adv.br\/index.php?rest_route=\/wp\/v2\/posts"}],"about":[{"href":"http:\/\/cotrimadvogados.adv.br\/index.php?rest_route=\/wp\/v2\/types\/post"}],"author":[{"embeddable":true,"href":"http:\/\/cotrimadvogados.adv.br\/index.php?rest_route=\/wp\/v2\/users\/1"}],"replies":[{"embeddable":true,"href":"http:\/\/cotrimadvogados.adv.br\/index.php?rest_route=%2Fwp%2Fv2%2Fcomments&post=5590"}],"version-history":[{"count":0,"href":"http:\/\/cotrimadvogados.adv.br\/index.php?rest_route=\/wp\/v2\/posts\/5590\/revisions"}],"wp:featuredmedia":[{"embeddable":true,"href":"http:\/\/cotrimadvogados.adv.br\/index.php?rest_route=\/wp\/v2\/media\/5591"}],"wp:attachment":[{"href":"http:\/\/cotrimadvogados.adv.br\/index.php?rest_route=%2Fwp%2Fv2%2Fmedia&parent=5590"}],"wp:term":[{"taxonomy":"category","embeddable":true,"href":"http:\/\/cotrimadvogados.adv.br\/index.php?rest_route=%2Fwp%2Fv2%2Fcategories&post=5590"},{"taxonomy":"post_tag","embeddable":true,"href":"http:\/\/cotrimadvogados.adv.br\/index.php?rest_route=%2Fwp%2Fv2%2Ftags&post=5590"}],"curies":[{"name":"wp","href":"https:\/\/api.w.org\/{rel}","templated":true}]}}