{"id":5600,"date":"2026-03-12T16:29:24","date_gmt":"2026-03-12T19:29:24","guid":{"rendered":"http:\/\/cotrimadvogados.adv.br\/?p=5600"},"modified":"2026-03-12T16:34:58","modified_gmt":"2026-03-12T19:34:58","slug":"trf-1-libera-r-274-mil-de-empresa-apos-bloqueio-sem-a-devida-citacao","status":"publish","type":"post","link":"http:\/\/cotrimadvogados.adv.br\/?p=5600","title":{"rendered":"TRF-1 libera R$ 274 mil de empresa ap\u00f3s bloqueio sem a devida cita\u00e7\u00e3o"},"content":{"rendered":"\n<p>Empresa que teve R$ 274.533.91 bloqueados em uma execu\u00e7\u00e3o fiscal sem que tenha sido citada conseguiu liminar para reverter a medida. Decis\u00e3o \u00e9 da desembargadora Maura Moraes Tayer, do TRF da 1\u00aa decis\u00e3o, ao determinar o cancelamento da indisponibilidade dos ativos financeiros, realizada por meio do Sisbajud.<\/p>\n\n\n\n<p>No recurso, a empresa afirmou que foi proposta execu\u00e7\u00e3o fiscal pela Uni\u00e3o, e deferido o pedido de indisponibilidade de ativos, antes mesmo da realiza\u00e7\u00e3o da cita\u00e7\u00e3o. Sustenta, assim, que houve viola\u00e7\u00e3o da lei 6.830\/80, a qual disp\u00f5e que a parte devedora deve ser citada para pagar a d\u00edvida ou oferecer garantia em cinco dias para se defender. Requereu, portanto, antecipa\u00e7\u00e3o de tutela, para liberar os valores e suspender a execu\u00e7\u00e3o, sobrestando-se os atos de constri\u00e7\u00e3o at\u00e9 o julgamento final do agravo de instrumento.<\/p>\n\n\n\n<p>Ao analisar o pedido, a desembargadora observou que o fato de ter sido realizada penhora de forma irregular n\u00e3o justifica o pleito de suspens\u00e3o da execu\u00e7\u00e3o. Por outro lado, confirmou que a lei 6.730\/80, em seu art. 7\u00ba, disp\u00f5e que o despacho do juiz que deferir a inicial importa na seguinte ordem: cita\u00e7\u00e3o, penhora, arresto, registro da penhora e avalia\u00e7\u00e3o dos bens.<\/p>\n\n\n\n<p>Da mesma forma, o art. 829 do CPC disp\u00f5e que a penhora somente deve ser realizada ap\u00f3s o transcurso de tr\u00eas dias da cita\u00e7\u00e3o, podendo ser realizado o arresto se o devedor n\u00e3o for encontrado.<\/p>\n\n\n\n<p>No caso da decis\u00e3o agravada, a magistrada observou que, ao receber a inicial, foi decretada cautelarmente a indisponibilidade dos saldos existentes em contas correntes ou aplica\u00e7\u00f5es financeiras at\u00e9 o valor total do d\u00e9bito, antes de ter ocorrido a cita\u00e7\u00e3o.<\/p>\n\n\n\n<p>A relatora lembrou jurisprud\u00eancia do STJ e do TRF-1 &#8220;no sentido de admitir o arresto pr\u00e9vio, por meio do sistema BACENJUD, quando n\u00e3o encontrado o devedor ou quando estiver demonstrado risco de dano e perigo de demora suficiente para justificar a provid\u00eancia&#8221;.<\/p>\n\n\n\n<p>A desembargadora acrescentou em sua decis\u00e3o que, em caso semelhante, em que a medida foi determinada para garantia da efic\u00e1cia do processo de execu\u00e7\u00e3o, o STJ decidiu que deve ser realizada a cita\u00e7\u00e3o do executado antes da realiza\u00e7\u00e3o da penhora, pois o perigo de dano n\u00e3o pode ser inferido a partir de mero temor subjetivo, devendo ser demonstrado objetivamente&#8221; (REsp 2.087.459).<\/p>\n\n\n\n<p>Desta forma, deferiu o pedido de antecipa\u00e7\u00e3o da tutela recursal para determinar que seja realizado o cancelamento da indisponibilidade, nos termos do art. 854, \u00a7 4\u00ba, do CPC, sem preju\u00edzo de nova medida ap\u00f3s a cita\u00e7\u00e3o.<\/p>\n\n\n\n<p>O advogado Di\u00eago Vilela representa a empresa.<\/p>\n\n\n\n<p>Fonte: Migalhas<br>Disponivel em: <a href=\"https:\/\/www.migalhas.com.br\/quentes\/399809\/trf-1-libera-r-274-mil-de-empresa-apos-bloqueio-sem-a-devida-citacao\" target=\"_blank\" rel=\"noreferrer noopener\">https:\/\/www.migalhas.com.br\/quentes\/399809\/trf-1-libera-r-274-mil-de-empresa-apos-bloqueio-sem-a-dev&#8230;<\/a><\/p>\n","protected":false},"excerpt":{"rendered":"<p>Empresa que teve R$ 274.533.91 bloqueados em uma execu\u00e7\u00e3o fiscal sem que tenha sido citada conseguiu liminar para reverter a medida. Decis\u00e3o \u00e9 da desembargadora Maura Moraes Tayer, do TRF da 1\u00aa decis\u00e3o, ao determinar o cancelamento da indisponibilidade dos ativos financeiros, realizada por meio do Sisbajud. No recurso, a empresa afirmou que foi proposta [&hellip;]<\/p>\n","protected":false},"author":1,"featured_media":5601,"comment_status":"closed","ping_status":"closed","sticky":false,"template":"","format":"standard","meta":{"site-sidebar-layout":"default","site-content-layout":"default","ast-site-content-layout":"default","site-content-style":"default","site-sidebar-style":"default","ast-global-header-display":"","ast-banner-title-visibility":"","ast-main-header-display":"","ast-hfb-above-header-display":"","ast-hfb-below-header-display":"","ast-hfb-mobile-header-display":"","site-post-title":"","ast-breadcrumbs-content":"","ast-featured-img":"","footer-sml-layout":"","ast-disable-related-posts":"","theme-transparent-header-meta":"default","adv-header-id-meta":"","stick-header-meta":"","header-above-stick-meta":"","header-main-stick-meta":"","header-below-stick-meta":"","astra-migrate-meta-layouts":"default","ast-page-background-enabled":"default","ast-page-background-meta":{"desktop":{"background-color":"","background-image":"","background-repeat":"repeat","background-position":"center center","background-size":"auto","background-attachment":"scroll","background-type":"","background-media":"","overlay-type":"","overlay-color":"","overlay-opacity":"","overlay-gradient":""},"tablet":{"background-color":"","background-image":"","background-repeat":"repeat","background-position":"center center","background-size":"auto","background-attachment":"scroll","background-type":"","background-media":"","overlay-type":"","overlay-color":"","overlay-opacity":"","overlay-gradient":""},"mobile":{"background-color":"","background-image":"","background-repeat":"repeat","background-position":"center center","background-size":"auto","background-attachment":"scroll","background-type":"","background-media":"","overlay-type":"","overlay-color":"","overlay-opacity":"","overlay-gradient":""}},"ast-content-background-meta":{"desktop":{"background-color":"var(--ast-global-color-5)","background-image":"","background-repeat":"repeat","background-position":"center center","background-size":"auto","background-attachment":"scroll","background-type":"","background-media":"","overlay-type":"","overlay-color":"","overlay-opacity":"","overlay-gradient":""},"tablet":{"background-color":"var(--ast-global-color-5)","background-image":"","background-repeat":"repeat","background-position":"center center","background-size":"auto","background-attachment":"scroll","background-type":"","background-media":"","overlay-type":"","overlay-color":"","overlay-opacity":"","overlay-gradient":""},"mobile":{"background-color":"var(--ast-global-color-5)","background-image":"","background-repeat":"repeat","background-position":"center center","background-size":"auto","background-attachment":"scroll","background-type":"","background-media":"","overlay-type":"","overlay-color":"","overlay-opacity":"","overlay-gradient":""}},"footnotes":""},"categories":[13,1],"tags":[],"class_list":["post-5600","post","type-post","status-publish","format-standard","has-post-thumbnail","hentry","category-direito-empresarial","category-sem-categoria"],"_links":{"self":[{"href":"http:\/\/cotrimadvogados.adv.br\/index.php?rest_route=\/wp\/v2\/posts\/5600","targetHints":{"allow":["GET"]}}],"collection":[{"href":"http:\/\/cotrimadvogados.adv.br\/index.php?rest_route=\/wp\/v2\/posts"}],"about":[{"href":"http:\/\/cotrimadvogados.adv.br\/index.php?rest_route=\/wp\/v2\/types\/post"}],"author":[{"embeddable":true,"href":"http:\/\/cotrimadvogados.adv.br\/index.php?rest_route=\/wp\/v2\/users\/1"}],"replies":[{"embeddable":true,"href":"http:\/\/cotrimadvogados.adv.br\/index.php?rest_route=%2Fwp%2Fv2%2Fcomments&post=5600"}],"version-history":[{"count":0,"href":"http:\/\/cotrimadvogados.adv.br\/index.php?rest_route=\/wp\/v2\/posts\/5600\/revisions"}],"wp:featuredmedia":[{"embeddable":true,"href":"http:\/\/cotrimadvogados.adv.br\/index.php?rest_route=\/wp\/v2\/media\/5601"}],"wp:attachment":[{"href":"http:\/\/cotrimadvogados.adv.br\/index.php?rest_route=%2Fwp%2Fv2%2Fmedia&parent=5600"}],"wp:term":[{"taxonomy":"category","embeddable":true,"href":"http:\/\/cotrimadvogados.adv.br\/index.php?rest_route=%2Fwp%2Fv2%2Fcategories&post=5600"},{"taxonomy":"post_tag","embeddable":true,"href":"http:\/\/cotrimadvogados.adv.br\/index.php?rest_route=%2Fwp%2Fv2%2Ftags&post=5600"}],"curies":[{"name":"wp","href":"https:\/\/api.w.org\/{rel}","templated":true}]}}