{"id":5623,"date":"2026-03-12T16:29:34","date_gmt":"2026-03-12T19:29:34","guid":{"rendered":"http:\/\/cotrimadvogados.adv.br\/?p=5623"},"modified":"2026-03-12T16:34:58","modified_gmt":"2026-03-12T19:34:58","slug":"executado-pode-entrar-com-acao-autonoma-se-embargos-forem-extintos-diz-stj","status":"publish","type":"post","link":"http:\/\/cotrimadvogados.adv.br\/?p=5623","title":{"rendered":"Executado pode entrar com a\u00e7\u00e3o aut\u00f4noma se embargos forem extintos, diz STJ"},"content":{"rendered":"\n<p>No \u00e2mbito da a\u00e7\u00e3o de execu\u00e7\u00e3o, se os embargos forem extintos sem julgamento de m\u00e9rito, o executado pode entrar com a\u00e7\u00e3o aut\u00f4noma para exercer seu direito de defesa, desde que os prazos prescricionais e outros pressupostos do processo sejam respeitados.<\/p>\n\n\n\n<p>Seguindo esse entendimento, a 3\u00aa Turma do Superior Tribunal de Justi\u00e7a determinou, por unanimidade, que uma a\u00e7\u00e3o declarat\u00f3ria de nulidade rejeitada pelo ju\u00edzo de primeiro grau seja julgada novamente nessa inst\u00e2ncia.<\/p>\n\n\n\n<p>De acordo com os autos, tr\u00eas pessoas contestaram uma a\u00e7\u00e3o de execu\u00e7\u00e3o de d\u00edvida opondo embargos \u2014 que, no entanto, foram extintos sem julgamento de m\u00e9rito. Em seguida, os executados entraram com a a\u00e7\u00e3o declarat\u00f3ria.<\/p>\n\n\n\n<p>No pedido, eles alegaram que o valor estipulado na execu\u00e7\u00e3o era excessivo e requereram a nulidade do neg\u00f3cio jur\u00eddico. Ocorre que essa a\u00e7\u00e3o tamb\u00e9m foi encerrada sem resolu\u00e7\u00e3o de m\u00e9rito. Isso porque, segundo o juiz, os autores s\u00f3 poderiam ter entrado com embargos \u00e0 execu\u00e7\u00e3o \u2014 os quais, no caso, j\u00e1 haviam sido extintos.<\/p>\n\n\n\n<p>\u201cA a\u00e7\u00e3o declarat\u00f3ria n\u00e3o constitui via adequada para a parte executada se insurgir contra execu\u00e7\u00e3o aparelhada em t\u00edtulo extrajudicial\u201d, refor\u00e7ou o ju\u00edzo de segunda inst\u00e2ncia ao negar a apela\u00e7\u00e3o. O caso, ent\u00e3o, foi levado ao STJ.<\/p>\n\n\n\n<p><strong>Jurisprud\u00eancia e doutrina<\/strong><br>Relatora do recurso, a ministra Nancy Andrighi examinou se, de fato, o executado n\u00e3o pode ajuizar a\u00e7\u00e3o aut\u00f4noma para exercer seu direito de defesa na hip\u00f3tese de extin\u00e7\u00e3o de embargos \u00e0 execu\u00e7\u00e3o sem resolu\u00e7\u00e3o de m\u00e9rito. Ela explicou, ent\u00e3o, que o executado disp\u00f5e de quatro meios para contestar uma execu\u00e7\u00e3o: a impugna\u00e7\u00e3o ao cumprimento de senten\u00e7a; os embargos \u00e0 execu\u00e7\u00e3o; a exce\u00e7\u00e3o de pr\u00e9-executividade; e as a\u00e7\u00f5es aut\u00f4nomas.<\/p>\n\n\n\n<p>Diante disso, segundo a jurisprud\u00eancia, se o executado n\u00e3o opuser embargos ou se estes forem extintos sem resolu\u00e7\u00e3o de m\u00e9rito, nada impede que ele aju\u00edze uma \u201ca\u00e7\u00e3o aut\u00f4noma para exercer ou renovar a sua defesa, desde que respeitados eventuais prazos prescricionais\u201d e as demais exig\u00eancias processuais e condi\u00e7\u00f5es da a\u00e7\u00e3o \u2014 no caso, a declarat\u00f3ria de nulidade.<\/p>\n\n\n\n<p>Por fim, Nancy citou li\u00e7\u00f5es dos processualistas C\u00e2ndido Rangel Dinamarco e Araken de Assis e concluiu que \u201ca doutrina \u00e9 expressa ao afirmar que pode o executado precisar da a\u00e7\u00e3o aut\u00f4noma \u2018porque a defesa pr\u00f3pria (os embargos \u00e0 execu\u00e7\u00e3o) n\u00e3o foi conhecida\u2019\u201d.<\/p>\n\n\n\n<p>Com isso, a ministra determinou a volta dos autos ao ju\u00edzo de primeiro grau, que ter\u00e1 de julgar a a\u00e7\u00e3o declarat\u00f3ria. Votaram com a relatora os ministros Humberto Martins, Ricardo Villas B\u00f4as Cueva, Marco Aur\u00e9lio Bellizze e Moura Ribeiro.<br><br>Fonte: ConJur<br>Disponivel em: <a href=\"https:\/\/www.conjur.com.br\/2024-jan-19\/executado-pode-entrar-com-acao-autonoma-se-embargos-forem-extintos-diz-stj\/\" target=\"_blank\" rel=\"noreferrer noopener\">https:\/\/www.conjur.com.br\/2024-jan-19\/executado-pode-entrar-com-acao-autonoma-se-embargos-forem-exti&#8230;<\/a><\/p>\n","protected":false},"excerpt":{"rendered":"<p>No \u00e2mbito da a\u00e7\u00e3o de execu\u00e7\u00e3o, se os embargos forem extintos sem julgamento de m\u00e9rito, o executado pode entrar com a\u00e7\u00e3o aut\u00f4noma para exercer seu direito de defesa, desde que os prazos prescricionais e outros pressupostos do processo sejam respeitados. Seguindo esse entendimento, a 3\u00aa Turma do Superior Tribunal de Justi\u00e7a determinou, por unanimidade, que [&hellip;]<\/p>\n","protected":false},"author":1,"featured_media":5624,"comment_status":"closed","ping_status":"closed","sticky":false,"template":"","format":"standard","meta":{"site-sidebar-layout":"default","site-content-layout":"default","ast-site-content-layout":"default","site-content-style":"default","site-sidebar-style":"default","ast-global-header-display":"","ast-banner-title-visibility":"","ast-main-header-display":"","ast-hfb-above-header-display":"","ast-hfb-below-header-display":"","ast-hfb-mobile-header-display":"","site-post-title":"","ast-breadcrumbs-content":"","ast-featured-img":"","footer-sml-layout":"","ast-disable-related-posts":"","theme-transparent-header-meta":"default","adv-header-id-meta":"","stick-header-meta":"","header-above-stick-meta":"","header-main-stick-meta":"","header-below-stick-meta":"","astra-migrate-meta-layouts":"default","ast-page-background-enabled":"default","ast-page-background-meta":{"desktop":{"background-color":"","background-image":"","background-repeat":"repeat","background-position":"center center","background-size":"auto","background-attachment":"scroll","background-type":"","background-media":"","overlay-type":"","overlay-color":"","overlay-opacity":"","overlay-gradient":""},"tablet":{"background-color":"","background-image":"","background-repeat":"repeat","background-position":"center center","background-size":"auto","background-attachment":"scroll","background-type":"","background-media":"","overlay-type":"","overlay-color":"","overlay-opacity":"","overlay-gradient":""},"mobile":{"background-color":"","background-image":"","background-repeat":"repeat","background-position":"center center","background-size":"auto","background-attachment":"scroll","background-type":"","background-media":"","overlay-type":"","overlay-color":"","overlay-opacity":"","overlay-gradient":""}},"ast-content-background-meta":{"desktop":{"background-color":"var(--ast-global-color-5)","background-image":"","background-repeat":"repeat","background-position":"center center","background-size":"auto","background-attachment":"scroll","background-type":"","background-media":"","overlay-type":"","overlay-color":"","overlay-opacity":"","overlay-gradient":""},"tablet":{"background-color":"var(--ast-global-color-5)","background-image":"","background-repeat":"repeat","background-position":"center center","background-size":"auto","background-attachment":"scroll","background-type":"","background-media":"","overlay-type":"","overlay-color":"","overlay-opacity":"","overlay-gradient":""},"mobile":{"background-color":"var(--ast-global-color-5)","background-image":"","background-repeat":"repeat","background-position":"center center","background-size":"auto","background-attachment":"scroll","background-type":"","background-media":"","overlay-type":"","overlay-color":"","overlay-opacity":"","overlay-gradient":""}},"footnotes":""},"categories":[13,1],"tags":[],"class_list":["post-5623","post","type-post","status-publish","format-standard","has-post-thumbnail","hentry","category-direito-empresarial","category-sem-categoria"],"_links":{"self":[{"href":"http:\/\/cotrimadvogados.adv.br\/index.php?rest_route=\/wp\/v2\/posts\/5623","targetHints":{"allow":["GET"]}}],"collection":[{"href":"http:\/\/cotrimadvogados.adv.br\/index.php?rest_route=\/wp\/v2\/posts"}],"about":[{"href":"http:\/\/cotrimadvogados.adv.br\/index.php?rest_route=\/wp\/v2\/types\/post"}],"author":[{"embeddable":true,"href":"http:\/\/cotrimadvogados.adv.br\/index.php?rest_route=\/wp\/v2\/users\/1"}],"replies":[{"embeddable":true,"href":"http:\/\/cotrimadvogados.adv.br\/index.php?rest_route=%2Fwp%2Fv2%2Fcomments&post=5623"}],"version-history":[{"count":0,"href":"http:\/\/cotrimadvogados.adv.br\/index.php?rest_route=\/wp\/v2\/posts\/5623\/revisions"}],"wp:featuredmedia":[{"embeddable":true,"href":"http:\/\/cotrimadvogados.adv.br\/index.php?rest_route=\/wp\/v2\/media\/5624"}],"wp:attachment":[{"href":"http:\/\/cotrimadvogados.adv.br\/index.php?rest_route=%2Fwp%2Fv2%2Fmedia&parent=5623"}],"wp:term":[{"taxonomy":"category","embeddable":true,"href":"http:\/\/cotrimadvogados.adv.br\/index.php?rest_route=%2Fwp%2Fv2%2Fcategories&post=5623"},{"taxonomy":"post_tag","embeddable":true,"href":"http:\/\/cotrimadvogados.adv.br\/index.php?rest_route=%2Fwp%2Fv2%2Ftags&post=5623"}],"curies":[{"name":"wp","href":"https:\/\/api.w.org\/{rel}","templated":true}]}}